{"id":266705,"date":"2022-06-27T14:35:16","date_gmt":"2022-06-27T12:35:16","guid":{"rendered":"https:\/\/zjarr.tv\/?p=266705"},"modified":"2022-06-27T14:35:16","modified_gmt":"2022-06-27T12:35:16","slug":"harta-e-re-gjyqesore-olsian-cela-jep-ok-in-avokatet-e-kundershtojne","status":"publish","type":"post","link":"https:\/\/zjarr.tv\/en\/harta-e-re-gjyqesore-olsian-cela-jep-ok-in-avokatet-e-kundershtojne\/","title":{"rendered":"Harta e re gjyq\u00ebsore, Olsian \u00c7ela jep \u2018OK\u2019-in, avokat\u00ebt e kund\u00ebrshtojn\u00eb"},"content":{"rendered":"<p>Kreu i Prokuroris\u00eb s\u00eb P\u00ebrgjithshme Olsian \u00c7ela ka dh\u00ebn\u00eb dakord\u00ebsin\u00eb p\u00ebr hart\u00ebn e re gjyq\u00ebsore, q\u00eb \u00ebsht\u00eb propozuar nga KLGJ.<\/p>\n<p>N\u00eb letr\u00ebn q\u00eb i ka d\u00ebrguar Ministris\u00eb s\u00eb Drejt\u00ebsis\u00eb, \u00c7ela thot\u00eb se vler\u00ebsojn\u00eb frym\u00ebn e k\u00ebtij bashk\u00ebrendimi dhe koordinimi nd\u00ebrinstitucional n\u00eb p\u00ebrballje me nevojat p\u00ebr t\u00eb leht\u00ebsuar rritjen e ngarkes\u00ebs dhe mb\u00ebshtetur veprimtarin\u00eb e prokuror\u00ebve me num\u00ebr t\u00eb reduktuar.<\/p>\n<p>Ky q\u00ebndrim i Olsian \u00c7ela vjen n\u00eb nj\u00eb koh\u00eb kur harta e re gjyq\u00ebsore \u00ebsht\u00eb duke u kund\u00ebrshtuar nga dhomat e avokatis\u00eb n\u00eb t\u00eb gjith\u00eb vendin, si dhe qytetar\u00ebt.<\/p>\n<p>Gjyqi me Amber Heard i solli fat, shifra marramend\u00ebse p\u00ebr rikthimin e Johnny Deep n\u00eb rolin e Kapiten Jack<\/p>\n<p>Mbyllja e 18 gjykatave t\u00eb rrethit dhe apelit, pritet q\u00eb t\u00eb sjell\u00eb kosto t\u00eb shtuara p\u00ebr qytetar\u00ebt, nd\u00ebrkoh\u00eb q\u00eb aksesi n\u00eb drejt\u00ebsi do t\u00eb b\u00ebhet gjithnj\u00eb dhe m\u00eb i v\u00ebshtir\u00eb.<\/p>\n<p>Harta \u00ebsht\u00eb propozuar nga KLGJ, dhe pritet t\u00eb marr\u00eb m\u00eb tej dhe dakord\u00ebsin\u00eb e Ministris\u00eb s\u00eb Drejt\u00ebsis\u00eb dhe qeveris\u00eb.<\/p>","protected":false},"excerpt":{"rendered":"<p>Kreu i Prokuroris\u00eb s\u00eb P\u00ebrgjithshme Olsian \u00c7ela ka dh\u00ebn\u00eb dakord\u00ebsin\u00eb p\u00ebr hart\u00ebn e re gjyq\u00ebsore, q\u00eb \u00ebsht\u00eb propozuar nga KLGJ. N\u00eb letr\u00ebn q\u00eb i ka d\u00ebrguar Ministris\u00eb s\u00eb Drejt\u00ebsis\u00eb, \u00c7ela thot\u00eb se vler\u00ebsojn\u00eb frym\u00ebn e k\u00ebtij bashk\u00ebrendimi dhe koordinimi nd\u00ebrinstitucional n\u00eb p\u00ebrballje me nevojat p\u00ebr t\u00eb leht\u00ebsuar rritjen e ngarkes\u00ebs dhe mb\u00ebshtetur veprimtarin\u00eb e prokuror\u00ebve [&hellip;]<\/p>\n","protected":false},"author":2020,"featured_media":266706,"comment_status":"closed","ping_status":"closed","sticky":false,"template":"","format":"standard","meta":{"footnotes":""},"categories":[241,5380,231],"tags":[],"class_list":{"0":"post-266705","1":"post","2":"type-post","3":"status-publish","4":"format-standard","5":"has-post-thumbnail","7":"category-aktualitet","8":"category-kryesore","9":"category-lajme"},"_links":{"self":[{"href":"https:\/\/zjarr.tv\/en\/wp-json\/wp\/v2\/posts\/266705","targetHints":{"allow":["GET"]}}],"collection":[{"href":"https:\/\/zjarr.tv\/en\/wp-json\/wp\/v2\/posts"}],"about":[{"href":"https:\/\/zjarr.tv\/en\/wp-json\/wp\/v2\/types\/post"}],"author":[{"embeddable":true,"href":"https:\/\/zjarr.tv\/en\/wp-json\/wp\/v2\/users\/2020"}],"replies":[{"embeddable":true,"href":"https:\/\/zjarr.tv\/en\/wp-json\/wp\/v2\/comments?post=266705"}],"version-history":[{"count":0,"href":"https:\/\/zjarr.tv\/en\/wp-json\/wp\/v2\/posts\/266705\/revisions"}],"wp:featuredmedia":[{"embeddable":true,"href":"https:\/\/zjarr.tv\/en\/wp-json\/wp\/v2\/media\/266706"}],"wp:attachment":[{"href":"https:\/\/zjarr.tv\/en\/wp-json\/wp\/v2\/media?parent=266705"}],"wp:term":[{"taxonomy":"category","embeddable":true,"href":"https:\/\/zjarr.tv\/en\/wp-json\/wp\/v2\/categories?post=266705"},{"taxonomy":"post_tag","embeddable":true,"href":"https:\/\/zjarr.tv\/en\/wp-json\/wp\/v2\/tags?post=266705"}],"curies":[{"name":"wp","href":"https:\/\/api.w.org\/{rel}","templated":true}]}}