{"id":266714,"date":"2022-06-27T15:21:49","date_gmt":"2022-06-27T13:21:49","guid":{"rendered":"https:\/\/zjarr.tv\/?p=266714"},"modified":"2022-06-27T15:21:49","modified_gmt":"2022-06-27T13:21:49","slug":"meta-koncensionet-dhe-ppp-te-po-deshmojne-qartesisht-dhenien-e-tyre-ne-menyre-korruptive-dhe-klienteliste","status":"publish","type":"post","link":"https:\/\/zjarr.tv\/en\/meta-koncensionet-dhe-ppp-te-po-deshmojne-qartesisht-dhenien-e-tyre-ne-menyre-korruptive-dhe-klienteliste\/","title":{"rendered":"Meta: Koncensionet dhe PPP-t\u00eb po d\u00ebshmojn\u00eb qart\u00ebsisht dh\u00ebnien e tyre n\u00eb m\u00ebnyr\u00eb korruptive dhe klienteliste"},"content":{"rendered":"<p>Nga Ilir Meta<\/p>\n<p>Koncensionet dhe PPP-t\u00eb po d\u00ebshmojn\u00eb qart\u00ebsisht dh\u00ebnien e tyre n\u00eb m\u00ebnyr\u00eb korruptive dhe klienteliste.<\/p>\n<p>K\u00ebt\u00eb e tregon rritja e pandalshme e kostos s\u00eb nd\u00ebrtimit, kryesisht t\u00eb rrug\u00ebve.<\/p>\n<p>Fakti q\u00eb nd\u00ebrtimi i rrug\u00ebve n\u00eb Shqip\u00ebri, koston m\u00eb shtrenjt\u00eb se n\u00eb vendet e Bashkimit Europian dhe t\u00eb rajonit, \u00ebsht\u00eb nj\u00eb tregues shum\u00eb dometh\u00ebn\u00ebs i abuzimit me fondet publike.<\/p>\n<p>K\u00ebto praktika jan\u00eb shum\u00eb t\u00eb d\u00ebmshme p\u00ebr ekonomin\u00eb e vendit, ve\u00e7an\u00ebrisht p\u00ebr r\u00ebndimin e buxhetit t\u00eb shtetit dhe rritjen e pandalshme t\u00eb borxhit publik.<\/p>\n<p>\u00cbsht\u00eb jetike t\u00eb shtohen p\u00ebrpjekjet p\u00ebr t\u00eb minimizuar dh\u00ebnien e koncensioneve, forcimin e sundimit t\u00eb ligjit dhe nd\u00ebshkimin e p\u00ebrgjegj\u00ebsve n\u00eb nivelet m\u00eb t\u00eb larta shtet\u00ebrore t\u00eb p\u00ebrfshir\u00eb n\u00eb k\u00ebto afera.<\/p>","protected":false},"excerpt":{"rendered":"<p>Nga Ilir Meta Koncensionet dhe PPP-t\u00eb po d\u00ebshmojn\u00eb qart\u00ebsisht dh\u00ebnien e tyre n\u00eb m\u00ebnyr\u00eb korruptive dhe klienteliste. K\u00ebt\u00eb e tregon rritja e pandalshme e kostos s\u00eb nd\u00ebrtimit, kryesisht t\u00eb rrug\u00ebve. Fakti q\u00eb nd\u00ebrtimi i rrug\u00ebve n\u00eb Shqip\u00ebri, koston m\u00eb shtrenjt\u00eb se n\u00eb vendet e Bashkimit Europian dhe t\u00eb rajonit, \u00ebsht\u00eb nj\u00eb tregues shum\u00eb dometh\u00ebn\u00ebs i [&hellip;]<\/p>\n","protected":false},"author":2020,"featured_media":266715,"comment_status":"closed","ping_status":"closed","sticky":false,"template":"","format":"standard","meta":{"footnotes":""},"categories":[241,5380,231],"tags":[],"class_list":{"0":"post-266714","1":"post","2":"type-post","3":"status-publish","4":"format-standard","5":"has-post-thumbnail","7":"category-aktualitet","8":"category-kryesore","9":"category-lajme"},"_links":{"self":[{"href":"https:\/\/zjarr.tv\/en\/wp-json\/wp\/v2\/posts\/266714","targetHints":{"allow":["GET"]}}],"collection":[{"href":"https:\/\/zjarr.tv\/en\/wp-json\/wp\/v2\/posts"}],"about":[{"href":"https:\/\/zjarr.tv\/en\/wp-json\/wp\/v2\/types\/post"}],"author":[{"embeddable":true,"href":"https:\/\/zjarr.tv\/en\/wp-json\/wp\/v2\/users\/2020"}],"replies":[{"embeddable":true,"href":"https:\/\/zjarr.tv\/en\/wp-json\/wp\/v2\/comments?post=266714"}],"version-history":[{"count":0,"href":"https:\/\/zjarr.tv\/en\/wp-json\/wp\/v2\/posts\/266714\/revisions"}],"wp:featuredmedia":[{"embeddable":true,"href":"https:\/\/zjarr.tv\/en\/wp-json\/wp\/v2\/media\/266715"}],"wp:attachment":[{"href":"https:\/\/zjarr.tv\/en\/wp-json\/wp\/v2\/media?parent=266714"}],"wp:term":[{"taxonomy":"category","embeddable":true,"href":"https:\/\/zjarr.tv\/en\/wp-json\/wp\/v2\/categories?post=266714"},{"taxonomy":"post_tag","embeddable":true,"href":"https:\/\/zjarr.tv\/en\/wp-json\/wp\/v2\/tags?post=266714"}],"curies":[{"name":"wp","href":"https:\/\/api.w.org\/{rel}","templated":true}]}}