{"id":266726,"date":"2022-06-27T16:32:33","date_gmt":"2022-06-27T14:32:33","guid":{"rendered":"https:\/\/zjarr.tv\/?p=266726"},"modified":"2022-06-27T16:32:33","modified_gmt":"2022-06-27T14:32:33","slug":"veliaj-pret-senatorin-italian-luciano-dalfonso-nje-avokat-i-zellshem-i-kauzave-te-perbashketa-dhe-mbeshtetes-i-madh-i-shqiptareve","status":"publish","type":"post","link":"https:\/\/zjarr.tv\/en\/veliaj-pret-senatorin-italian-luciano-dalfonso-nje-avokat-i-zellshem-i-kauzave-te-perbashketa-dhe-mbeshtetes-i-madh-i-shqiptareve\/","title":{"rendered":"Veliaj pret senatorin italian Luciano D\u2019Alfonso: Nj\u00eb avokat i zellsh\u00ebm i kauzave t\u00eb p\u00ebrbashk\u00ebta dhe mb\u00ebshtet\u00ebs i madh i shqiptar\u00ebve"},"content":{"rendered":"<p>Kryetari i Bashkis\u00eb s\u00eb Tiran\u00ebs, Erion Veliaj priti n\u00eb nj\u00eb takim senatorin italian, ish kryetarin e Bashkis\u00eb s\u00eb Pescara-s, Luciano D\u2019Alfonso, me t\u00eb cilin bisedoi p\u00ebr marr\u00ebdh\u00ebniet e shk\u00eblqyera dhe historit\u00eb e suksesit mes dy shteteve. Veliaj e falenderoi senatorin D\u2019Alfonso p\u00ebr mb\u00ebshtetjen q\u00eb i ka dh\u00ebn\u00eb komunitetit shqiptar n\u00eb Itali.<\/p>\n<p>\u201cD\u2019Alfonso \u00ebsht\u00eb mik, v\u00eblla, nj\u00eb italo-shqiptar \u2013 duke qen\u00eb se \u00ebsht\u00eb edhe shtetas shqiptar \u2013 dhe nj\u00eb senator me reputacion t\u00eb jasht\u00ebzakonsh\u00ebm n\u00eb Itali, ambasador \u2018de fakto\u2019 mes Shqip\u00ebris\u00eb dhe Italis\u00eb. Ju jam shum\u00eb mir\u00ebnjoh\u00ebs q\u00eb, nj\u00eb italo-shqiptar si ju, \u00ebsht\u00eb edhe nj\u00eb avokat shum\u00eb i zellsh\u00ebm i kauzave t\u00eb p\u00ebrbashk\u00ebta. Si n\u00eb \u00e7do fush\u00eb, n\u00ebse dikush nuk t\u00eb hap der\u00ebn, n\u00ebse dikush nuk t\u00eb jep nj\u00eb shtys\u00eb, n\u00ebse nuk t\u00eb inkurajon t\u00eb ec\u00ebsh p\u00ebrpara, sigurisht suksesi b\u00ebhet m\u00eb i v\u00ebshtir\u00eb. Por, diplomacia mes njer\u00ebzve, nj\u00eb der\u00eb e hapur nga dikush me reputacion, i cili krijon mund\u00ebsi p\u00ebr t\u00eb tjer\u00ebt, \u00ebsht\u00eb nj\u00eb bekim i madh p\u00ebr ne\u201d, u shpreh Veliaj.<\/p>\n<p>Kryebashkiaku tha se \u00ebsht\u00eb me r\u00ebnd\u00ebsi q\u00eb t\u00eb forcohen akoma m\u00eb shum\u00eb urat e bashk\u00ebpunimit edhe me senatin italian. Mezi pres q\u00eb t\u2019i forcojm\u00eb urat e bashk\u00ebpunimit, jo vet\u00ebm mes qyteteve tona, me Chiet-in, me Pescara-n dhe shum\u00eb prej qyteteve t\u00eb r\u00ebnd\u00ebsishme t\u00eb Abruzzo-s, por mezi pres q\u00eb ta forcojm\u00eb k\u00ebt\u00eb bashk\u00ebpunim edhe me senatin Italian dhe shum\u00eb prej rrjeteve t\u00eb atyre q\u00eb sh\u00ebrbejn\u00eb n\u00eb qeverin\u00eb qendrore dhe lokale. Ju fal\u00ebnderoj publikisht p\u00ebr gjith\u00eb ndihm\u00ebn e jasht\u00ebzakonshme dhe t\u00eb pa\u00e7mueshme q\u00eb i keni dh\u00ebn\u00eb komunitetit shqiptar n\u00eb Abruzzo dhe n\u00eb t\u00eb gjith\u00eb Italin\u00eb\u201d, tha Veliaj.<\/p>\n<p>Senatori italian Luciano D\u2019Alfonso u shpreh i lumtur p\u00ebr bashk\u00ebpunimin nd\u00ebrinstitucional, politik, kulturor dhe ekonomik mes dy qyteteve.<\/p>\n<p>jam k\u00ebtu s\u00eb bashku me bashk\u00ebkryetarin e Chietti-t, Paolo de Cesare, p\u00ebr t\u00eb par\u00eb nga af\u00ebr ritmin e jasht\u00ebzakonsh\u00ebm me t\u00eb cilin po rritet Tirana, si dhe rrug\u00ebtimin e gjith\u00eb Shqip\u00ebris\u00eb. Jemi t\u00eb fokusuar p\u00ebr ta kultivuar dhe ruajtur k\u00ebt\u00eb bashk\u00ebpunim nd\u00ebrinstitucional, politik, kulturor dhe ekonomik. N\u00eb cil\u00ebsin\u00eb e kryebashkiakut t\u00eb Pescar\u00ebs dhe kryetarit t\u00eb Rajonit, kam theksuar n\u00eb mjaft raste r\u00ebnd\u00ebsin\u00eb e transportit ajror nd\u00ebrmjet Abruzzos, Pescar\u00ebs dhe Tiran\u00ebs e Shqip\u00ebris\u00eb. Kam theksuar jasht\u00ebzakonisht r\u00ebnd\u00ebsin\u00eb e korridorit Adriatiko-Jonian dhe mbi t\u00eb gjitha, nj\u00eb bashk\u00ebpunim mes qyteteve t\u00eb rajonit, n\u00ebn udh\u00ebheqjen e Tiran\u00ebs dhe mikut tim Erion Veliaj,\u201d u shpreh ai.<\/p>","protected":false},"excerpt":{"rendered":"<p>Kryetari i Bashkis\u00eb s\u00eb Tiran\u00ebs, Erion Veliaj priti n\u00eb nj\u00eb takim senatorin italian, ish kryetarin e Bashkis\u00eb s\u00eb Pescara-s, Luciano D\u2019Alfonso, me t\u00eb cilin bisedoi p\u00ebr marr\u00ebdh\u00ebniet e shk\u00eblqyera dhe historit\u00eb e suksesit mes dy shteteve. Veliaj e falenderoi senatorin D\u2019Alfonso p\u00ebr mb\u00ebshtetjen q\u00eb i ka dh\u00ebn\u00eb komunitetit shqiptar n\u00eb Itali. \u201cD\u2019Alfonso \u00ebsht\u00eb mik, v\u00eblla, [&hellip;]<\/p>\n","protected":false},"author":2020,"featured_media":266727,"comment_status":"closed","ping_status":"closed","sticky":false,"template":"","format":"standard","meta":{"footnotes":""},"categories":[241,231],"tags":[],"class_list":{"0":"post-266726","1":"post","2":"type-post","3":"status-publish","4":"format-standard","5":"has-post-thumbnail","7":"category-aktualitet","8":"category-lajme"},"_links":{"self":[{"href":"https:\/\/zjarr.tv\/en\/wp-json\/wp\/v2\/posts\/266726","targetHints":{"allow":["GET"]}}],"collection":[{"href":"https:\/\/zjarr.tv\/en\/wp-json\/wp\/v2\/posts"}],"about":[{"href":"https:\/\/zjarr.tv\/en\/wp-json\/wp\/v2\/types\/post"}],"author":[{"embeddable":true,"href":"https:\/\/zjarr.tv\/en\/wp-json\/wp\/v2\/users\/2020"}],"replies":[{"embeddable":true,"href":"https:\/\/zjarr.tv\/en\/wp-json\/wp\/v2\/comments?post=266726"}],"version-history":[{"count":0,"href":"https:\/\/zjarr.tv\/en\/wp-json\/wp\/v2\/posts\/266726\/revisions"}],"wp:featuredmedia":[{"embeddable":true,"href":"https:\/\/zjarr.tv\/en\/wp-json\/wp\/v2\/media\/266727"}],"wp:attachment":[{"href":"https:\/\/zjarr.tv\/en\/wp-json\/wp\/v2\/media?parent=266726"}],"wp:term":[{"taxonomy":"category","embeddable":true,"href":"https:\/\/zjarr.tv\/en\/wp-json\/wp\/v2\/categories?post=266726"},{"taxonomy":"post_tag","embeddable":true,"href":"https:\/\/zjarr.tv\/en\/wp-json\/wp\/v2\/tags?post=266726"}],"curies":[{"name":"wp","href":"https:\/\/api.w.org\/{rel}","templated":true}]}}