{"id":266755,"date":"2022-06-28T10:18:26","date_gmt":"2022-06-28T08:18:26","guid":{"rendered":"https:\/\/zjarr.tv\/?p=266755"},"modified":"2022-06-28T10:18:26","modified_gmt":"2022-06-28T08:18:26","slug":"amnistia-fiskale-ervin-salianji-i-shkelet-syri-mafias-perpjekje-per-te-legalizuar-parate-e-pista-te-krimit","status":"publish","type":"post","link":"https:\/\/zjarr.tv\/en\/amnistia-fiskale-ervin-salianji-i-shkelet-syri-mafias-perpjekje-per-te-legalizuar-parate-e-pista-te-krimit\/","title":{"rendered":"Amnistia fiskale, Ervin Salianji: I shkelet syri mafias, p\u00ebrpjekje p\u00ebr t\u00eb legalizuar parat\u00eb e pista t\u00eb krimit"},"content":{"rendered":"<p>Deputeti i Partis\u00eb Demokratike, Ervin Salianji, ka folur n\u00eb lidhje me draftin p\u00ebr amnistin\u00eb fiskale p\u00ebr t\u00eb cilin \u00ebsht\u00eb shprehur se \u00ebsht\u00eb nj\u00eb m\u00ebnyr\u00eb p\u00ebr t\u00eb legalizuar parat\u00eb e pista t\u00eb ardhura nga krimi dhe droga.<\/p>\n<p>Sipas Salianjit shumica e zyrtar\u00ebve nuk p\u00ebrdorin familjar\u00ebt, por persona t\u00eb tret\u00eb t\u00eb cil\u00ebt p\u00ebrfitojn\u00eb nga parat\u00eb publike dhe tenderat.<\/p>\n<p>Salianji shton se qeveria nuk ka nevoj\u00eb p\u00ebr para q\u00eb b\u00ebn amnisti fiskale, pasi buxheti i  shtetit ka t\u00eb ardhura m\u00eb shum\u00eb se sa ishte parashikuar si pasoj\u00eb e rritjes s\u00eb \u00e7mimeve.<\/p>\n<p>\u201cKy \u00ebsht\u00eb nj\u00eb draft p\u00ebr t\u00eb legalizuar parat\u00eb e pista t\u00eb krimit dhe korrupsionit. Shqip\u00ebria \u00ebsht\u00eb n\u00eb gjendje katastrofike me para q\u00eb vijn\u00eb p\u00ebr shkak t\u00eb infrastruktur\u00ebs kriminale me transportin e drog\u00ebrave t\u00eb r\u00ebnda dhe kanabisin, \u00ebsht\u00eb nj\u00eb projekt q\u00eb i shkel syrin krimit dhe mafias por u pa sot edhe nga Sekretari i P\u00ebrgjithsh\u00ebm i PS q\u00eb u fokusua tek \u00e7unat e Londr\u00ebs. Nuk ka emigrant me 2 milion euro.<\/p>\n<p>Parashikimi i ligjit p\u00ebr pastrimin e parave q\u00eb kaloi 2-3 muaj m\u00eb par\u00eb n\u00eb Kuvend, p\u00ebr t\u00eb shmangur persona t\u00eb af\u00ebrt me politikan\u00eb, \u00ebsht\u00eb l\u00ebn\u00eb nj\u00eb nen evaziv. Nj\u00eb pjes\u00eb e mir\u00eb e zyrtar\u00ebve t\u00eb lart\u00eb nuk p\u00ebrdorin drejtp\u00ebrdrejt\u00eb familjar\u00eb apo t\u00eb af\u00ebrm t\u00eb identifikuesh\u00ebm por persona t\u00eb tret\u00eb t\u00eb cil\u00ebt p\u00ebrfitojn\u00eb nga parat\u00eb publike dhe tenderat. \u00cbsht\u00eb rasti tipik i incenerator\u00ebve.<\/p>\n<p>Nuk ka njeri n\u00eb Shqip\u00ebri 2 milion euro t\u00eb padeklaruara. Edhe emigrant\u00ebt e kan\u00eb gjetur nj\u00eb m\u00ebnyr\u00eb p\u00ebr t\u00eb hyr\u00eb n\u00eb sistem atje ku jetojn\u00eb pasi ndryshe nuk mbijetojn\u00eb.<\/p>\n<p>Marrim rastin kur nj\u00eb qytetar \u00ebsht\u00eb i detyruar t\u00eb paguaj\u00eb 23 p\u00ebrqind apo m\u00eb shum\u00eb tasa. Ai q\u00eb ka shmangur dhe ka b\u00ebr\u00eb evazion do t\u00eb paguaj\u00eb 7 p\u00ebrqind. Kush \u00ebsht\u00eb mesazhi p\u00ebr shoq\u00ebrin\u00eb, ata q\u00eb kan\u00eb paguar deri tani dhe kan\u00eb punuar ndersh\u00ebm?<\/p>\n<p>Qeveria nuk ka ndonj\u00eb nevoj\u00eb p\u00ebr para q\u00eb b\u00ebn amnistin\u00eb fiskale, pasi buxheti i shtetit ka t\u00eb ardhura m\u00eb shum\u00eb se sa ishte parashikuar si pasoj\u00eb e rritjes s\u00eb \u00e7mimeve\u201d, tha Salianji.<\/p>","protected":false},"excerpt":{"rendered":"<p>Deputeti i Partis\u00eb Demokratike, Ervin Salianji, ka folur n\u00eb lidhje me draftin p\u00ebr amnistin\u00eb fiskale p\u00ebr t\u00eb cilin \u00ebsht\u00eb shprehur se \u00ebsht\u00eb nj\u00eb m\u00ebnyr\u00eb p\u00ebr t\u00eb legalizuar parat\u00eb e pista t\u00eb ardhura nga krimi dhe droga. Sipas Salianjit shumica e zyrtar\u00ebve nuk p\u00ebrdorin familjar\u00ebt, por persona t\u00eb tret\u00eb t\u00eb cil\u00ebt p\u00ebrfitojn\u00eb nga parat\u00eb publike dhe [&hellip;]<\/p>\n","protected":false},"author":2031,"featured_media":185803,"comment_status":"closed","ping_status":"closed","sticky":false,"template":"","format":"standard","meta":{"footnotes":""},"categories":[241,231,235],"tags":[],"class_list":{"0":"post-266755","1":"post","2":"type-post","3":"status-publish","4":"format-standard","5":"has-post-thumbnail","7":"category-aktualitet","8":"category-lajme","9":"category-vendi"},"_links":{"self":[{"href":"https:\/\/zjarr.tv\/en\/wp-json\/wp\/v2\/posts\/266755","targetHints":{"allow":["GET"]}}],"collection":[{"href":"https:\/\/zjarr.tv\/en\/wp-json\/wp\/v2\/posts"}],"about":[{"href":"https:\/\/zjarr.tv\/en\/wp-json\/wp\/v2\/types\/post"}],"author":[{"embeddable":true,"href":"https:\/\/zjarr.tv\/en\/wp-json\/wp\/v2\/users\/2031"}],"replies":[{"embeddable":true,"href":"https:\/\/zjarr.tv\/en\/wp-json\/wp\/v2\/comments?post=266755"}],"version-history":[{"count":0,"href":"https:\/\/zjarr.tv\/en\/wp-json\/wp\/v2\/posts\/266755\/revisions"}],"wp:featuredmedia":[{"embeddable":true,"href":"https:\/\/zjarr.tv\/en\/wp-json\/wp\/v2\/media\/185803"}],"wp:attachment":[{"href":"https:\/\/zjarr.tv\/en\/wp-json\/wp\/v2\/media?parent=266755"}],"wp:term":[{"taxonomy":"category","embeddable":true,"href":"https:\/\/zjarr.tv\/en\/wp-json\/wp\/v2\/categories?post=266755"},{"taxonomy":"post_tag","embeddable":true,"href":"https:\/\/zjarr.tv\/en\/wp-json\/wp\/v2\/tags?post=266755"}],"curies":[{"name":"wp","href":"https:\/\/api.w.org\/{rel}","templated":true}]}}