{"id":266758,"date":"2022-06-28T10:22:44","date_gmt":"2022-06-28T08:22:44","guid":{"rendered":"https:\/\/zjarr.tv\/?p=266758"},"modified":"2022-06-28T10:22:44","modified_gmt":"2022-06-28T08:22:44","slug":"nuk-justifikonte-pasurine-kpk-shkarkon-nga-detyra-gjyqtarin-e-tiranes-altin-abdiu","status":"publish","type":"post","link":"https:\/\/zjarr.tv\/en\/nuk-justifikonte-pasurine-kpk-shkarkon-nga-detyra-gjyqtarin-e-tiranes-altin-abdiu\/","title":{"rendered":"Nuk justifikonte pasurin\u00eb, KPK shkarkon nga detyra gjyqtarin e Tiran\u00ebs, Altin Abdiu"},"content":{"rendered":"<p>Komisioni i Pavarur i Kualifikimit (KPK) ka shkarkuar nga detyra gjyqtarin e Tiran\u00ebs, Altin Abdiu, djali i ish-kreut t\u00eb Gjykat\u00ebs s\u00eb Lart\u00eb, Femi Abdiu.<\/p>\n<p>KPK ka shkarkuar gjyqtarin e Tiran\u00ebs \u00ebsht\u00eb b\u00ebr\u00eb pasuria e tij, t\u00eb cil\u00ebn ai nuk e justifikonte dot.<br \/>\nGjyqtari Altin Abdiu ka nj\u00eb karrier\u00eb t\u00eb gjat\u00eb n\u00eb sistemin e drejt\u00ebsis\u00eb. Prej vitit 1995 Abdiu sh\u00ebrben si gjyqtar n\u00eb Gjykat\u00ebn e Rrethit Gjyq\u00ebsor Tiran\u00eb.<\/p>\n<p>N\u00eb deklarimin p\u00ebr t\u00eb her\u00eb t\u00eb par\u00eb n\u00eb vitin 2003, gjyqtari Altin Abdiu deklaronte pasuri me vler\u00eb 12.5 milion\u00eb lek\u00eb, nd\u00ebrsa n\u00eb fund t\u00eb vitit 2016, pasuria e tij familjare kap vler\u00ebn e 22.3 milion\u00eb lek\u00ebve.<\/p>\n<p>Subjekti zot\u00ebron likujditete bankare prej 2.8 milion\u00eb lek\u00ebsh, pasuri t\u00eb patundshme me vler\u00eb 16.2 milion\u00eb, automjet me vler\u00eb 950 mij\u00eb lek\u00eb si dhe kursime n\u00eb cash prej 2.2 milion\u00eb lek\u00ebsh.<\/p>\n<p>T\u00eb ardhurat familjare p\u00ebr periudh\u00ebn e deklaruar kapin vler\u00ebn 14.2 milion\u00eb lek\u00eb dhe vijn\u00eb kryesisht nga paga e gjyqtarit.<\/p>\n<p>P\u00ebrve\u00e7 analiz\u00ebs p\u00ebr rritjen\/uljen e pasuris\u00eb, struktur\u00ebn e aseteve dhe t\u00eb ardhurave, ky raport paraqet dhe kontrollin aritmetik\/logjik t\u00eb deklarimeve t\u00eb subjektit si dhe \u201cflamujt e kuq\u2019 q\u00eb identifikohen gjat\u00eb kontrollit. Nga kontrolli aritmetik\/logjik p\u00ebr 13 vite t\u00eb deklarimit, rezultoi nj\u00eb vit me probleme.<\/p>\n<p>Subjekti Altin Abdiu rezulton me burime t\u00eb pamjaftueshme financiare p\u00ebr t\u00eb justifikuar shtimin e pasuris\u00eb q\u00eb ka deklaruar n\u00eb vitin 2004.<\/p>\n<p>P\u00ebr ket\u00eb vit subjekti bashk\u00eb me prind\u00ebrit deklaron blerjen e  6\/12 pjes\u00eb t\u00eb vil\u00ebs q\u00eb kishin n\u00eb bashk\u00ebpron\u00ebsi n\u00eb fshatin turistik Golem Kavaj\u00eb, bler\u00eb pa dokumenta pron\u00ebsie, pasi kjo pron\u00eb nuk \u00ebsht\u00eb akoma e hipotekuar.<\/p>\n<p>Burimi financiar deklarohet t\u00eb jet\u00eb nga kursimet vjetore, por t\u00eb ardhurat e vet\u00ebdeklaruara p\u00ebr vitin 2004 si dhe kursimet nga vitet e m\u00ebparsh\u00ebm jan\u00eb t\u00eb pamjaftueshme p\u00ebr t\u00eb mbuluar blerjen prej 4 milion\u00eb lek\u00eb t\u00eb k\u00ebsaj pasurie.<\/p>","protected":false},"excerpt":{"rendered":"<p>Komisioni i Pavarur i Kualifikimit (KPK) ka shkarkuar nga detyra gjyqtarin e Tiran\u00ebs, Altin Abdiu, djali i ish-kreut t\u00eb Gjykat\u00ebs s\u00eb Lart\u00eb, Femi Abdiu. KPK ka shkarkuar gjyqtarin e Tiran\u00ebs \u00ebsht\u00eb b\u00ebr\u00eb pasuria e tij, t\u00eb cil\u00ebn ai nuk e justifikonte dot. Gjyqtari Altin Abdiu ka nj\u00eb karrier\u00eb t\u00eb gjat\u00eb n\u00eb sistemin e drejt\u00ebsis\u00eb. Prej [&hellip;]<\/p>\n","protected":false},"author":2031,"featured_media":266759,"comment_status":"closed","ping_status":"closed","sticky":false,"template":"","format":"standard","meta":{"footnotes":""},"categories":[241,231,235],"tags":[],"class_list":{"0":"post-266758","1":"post","2":"type-post","3":"status-publish","4":"format-standard","5":"has-post-thumbnail","7":"category-aktualitet","8":"category-lajme","9":"category-vendi"},"_links":{"self":[{"href":"https:\/\/zjarr.tv\/en\/wp-json\/wp\/v2\/posts\/266758","targetHints":{"allow":["GET"]}}],"collection":[{"href":"https:\/\/zjarr.tv\/en\/wp-json\/wp\/v2\/posts"}],"about":[{"href":"https:\/\/zjarr.tv\/en\/wp-json\/wp\/v2\/types\/post"}],"author":[{"embeddable":true,"href":"https:\/\/zjarr.tv\/en\/wp-json\/wp\/v2\/users\/2031"}],"replies":[{"embeddable":true,"href":"https:\/\/zjarr.tv\/en\/wp-json\/wp\/v2\/comments?post=266758"}],"version-history":[{"count":0,"href":"https:\/\/zjarr.tv\/en\/wp-json\/wp\/v2\/posts\/266758\/revisions"}],"wp:featuredmedia":[{"embeddable":true,"href":"https:\/\/zjarr.tv\/en\/wp-json\/wp\/v2\/media\/266759"}],"wp:attachment":[{"href":"https:\/\/zjarr.tv\/en\/wp-json\/wp\/v2\/media?parent=266758"}],"wp:term":[{"taxonomy":"category","embeddable":true,"href":"https:\/\/zjarr.tv\/en\/wp-json\/wp\/v2\/categories?post=266758"},{"taxonomy":"post_tag","embeddable":true,"href":"https:\/\/zjarr.tv\/en\/wp-json\/wp\/v2\/tags?post=266758"}],"curies":[{"name":"wp","href":"https:\/\/api.w.org\/{rel}","templated":true}]}}