{"id":266762,"date":"2022-06-28T10:25:24","date_gmt":"2022-06-28T08:25:24","guid":{"rendered":"https:\/\/zjarr.tv\/?p=266762"},"modified":"2022-06-28T10:25:24","modified_gmt":"2022-06-28T08:25:24","slug":"amnistia-fiskale-mund-te-legalizojne-edhe-100-milione-euro-soko-me-kete-draft-po-amnistohet-veprimtaria-kriminale","status":"publish","type":"post","link":"https:\/\/zjarr.tv\/en\/amnistia-fiskale-mund-te-legalizojne-edhe-100-milione-euro-soko-me-kete-draft-po-amnistohet-veprimtaria-kriminale\/","title":{"rendered":"Amnistia fiskale\/ \u201cMund t\u00eb legalizojn\u00eb edhe 100 milion\u00eb euro\u201d, Soko: Me k\u00ebt\u00eb draft po amnistohet veprimtaria kriminale"},"content":{"rendered":"<p>Eksperti i ekonomis\u00eb, Pano Soko, n\u00eb studion e \u201cOpen\u201d ne News24, ka deklaruar se \u00ebsht\u00eb nj\u00eb koh\u00eb e pamjaftueshme ajo e v\u00ebn\u00eb n\u00eb dispozicion t\u00eb Komisionit p\u00ebr t\u00eb verifikuar n\u00ebse parat\u00eb e deklaruara jan\u00eb nga trafiku, krimi, apo korrupsioni.<\/p>\n<p>Ai \u00ebsht\u00eb shprehur e kan\u00eb t\u00eb thjesht\u00eb t\u00eb penetrojn\u00eb para p\u00ebrmes ligjit n\u00ebp\u00ebrmjet personash q\u00eb nuk i kan\u00eb familjar\u00eb por i kan\u00eb t\u00eb af\u00ebrm.<\/p>\n<p>\u201cNuk ka ndarje t\u00eb burimit t\u00eb pasuris\u00eb, nuk e ndan ligji. Komisioni verifikon subjektin nuk ka r\u00ebnd\u00ebsi burimin e t\u00eb ardhurave, pes\u00eb dit\u00eb ka n\u00eb dispozicion Komisioni. Verifikohet n\u00ebse je deputet, a je familjar brenda certifikat\u00ebs familjare q\u00eb \u00ebsht\u00eb sot etalon mat\u00ebs n\u00ebse je apo jo subjekt.<\/p>\n<p>Por n\u00ebna, motra, v\u00ebllai, bashk\u00ebjetuesi nuk jan\u00eb pjes\u00eb e certifikat\u00ebs familjare. Pra nga nj\u00eb an\u00eb nuk ka asnj\u00eb lloj burimi parash q\u00eb sanksionohet por vet\u00ebm individ\u00eb dhe parat\u00eb nuk dihet nga vijn\u00eb, dhe ligji p\u00ebr k\u00ebt\u00eb \u00ebsht\u00eb b\u00ebr\u00eb. 2 milion euro nuk \u00ebsht\u00eb thjesht\u00eb p\u00ebr t\u00eb rregulluar bilancet e kompanive. 2 milion euro deklarim me nj\u00eb familjar \u00ebsht\u00eb p\u00ebr t\u00eb deklaruar parat\u00eb, ti mbash n\u00eb bank\u00eb e t\u00eb blesh bono thesari.<\/p>\n<p>N\u00ebse je nj\u00eb subjekt i p\u00ebrjashtuar nga ky ligj, hallin e kam tek politikan\u00ebt, e kan\u00eb t\u00eb thjesht\u00eb t\u00eb penetrojn\u00eb para p\u00ebrmes ligjit n\u00ebp\u00ebrmjet personash q\u00eb nuk i kan\u00eb familjar\u00eb por i kan\u00eb t\u00eb af\u00ebrm. I legalizojn\u00eb dhe pas 5 vjet\u00ebsh i marrin n\u00eb form\u00eb donacionesh.<\/p>\n<p>M\u00eb ashiqare se kjo\u2026 As nuk ndalohen t\u00eb ardhurat nga ky burim, se koha e v\u00ebn\u00eb n\u00eb dispozicion \u00ebsht\u00eb 5 dit\u00eb. Si do e zbuloj\u00eb komisioni n\u00ebse i kam b\u00ebr\u00eb parat\u00eb me drog\u00eb, korrupsion apo prostitucion?<\/p>\n<p>Me k\u00ebt\u00eb draft po amnistohet veprimtaria kriminale.<\/p>\n<p>Amnistia nuk b\u00ebhet p\u00ebr njer\u00ebzit e mir\u00eb sepse ata kan\u00eb paguar taksa.<\/p>\n<p>Amnistia b\u00ebhet ata q\u00eb kan\u00eb shkelur ligjin. Niset p\u00ebr ata q\u00eb kan\u00eb shkelur dhe p\u00ebrmasa p\u00ebrcaktohet nga vlera. Ai mund t\u00eb p\u00ebrdor\u00eb t\u00eb af\u00ebrmit e vet dhe mund t\u00eb legalizoj\u00eb edhe 100 milion euro\u201d, \u00ebsht\u00eb shprehur ai.<\/p>","protected":false},"excerpt":{"rendered":"<p>Eksperti i ekonomis\u00eb, Pano Soko, n\u00eb studion e \u201cOpen\u201d ne News24, ka deklaruar se \u00ebsht\u00eb nj\u00eb koh\u00eb e pamjaftueshme ajo e v\u00ebn\u00eb n\u00eb dispozicion t\u00eb Komisionit p\u00ebr t\u00eb verifikuar n\u00ebse parat\u00eb e deklaruara jan\u00eb nga trafiku, krimi, apo korrupsioni. Ai \u00ebsht\u00eb shprehur e kan\u00eb t\u00eb thjesht\u00eb t\u00eb penetrojn\u00eb para p\u00ebrmes ligjit n\u00ebp\u00ebrmjet personash q\u00eb nuk [&hellip;]<\/p>\n","protected":false},"author":2031,"featured_media":169333,"comment_status":"closed","ping_status":"closed","sticky":false,"template":"","format":"standard","meta":{"footnotes":""},"categories":[241,231,235],"tags":[],"class_list":{"0":"post-266762","1":"post","2":"type-post","3":"status-publish","4":"format-standard","5":"has-post-thumbnail","7":"category-aktualitet","8":"category-lajme","9":"category-vendi"},"_links":{"self":[{"href":"https:\/\/zjarr.tv\/en\/wp-json\/wp\/v2\/posts\/266762","targetHints":{"allow":["GET"]}}],"collection":[{"href":"https:\/\/zjarr.tv\/en\/wp-json\/wp\/v2\/posts"}],"about":[{"href":"https:\/\/zjarr.tv\/en\/wp-json\/wp\/v2\/types\/post"}],"author":[{"embeddable":true,"href":"https:\/\/zjarr.tv\/en\/wp-json\/wp\/v2\/users\/2031"}],"replies":[{"embeddable":true,"href":"https:\/\/zjarr.tv\/en\/wp-json\/wp\/v2\/comments?post=266762"}],"version-history":[{"count":0,"href":"https:\/\/zjarr.tv\/en\/wp-json\/wp\/v2\/posts\/266762\/revisions"}],"wp:featuredmedia":[{"embeddable":true,"href":"https:\/\/zjarr.tv\/en\/wp-json\/wp\/v2\/media\/169333"}],"wp:attachment":[{"href":"https:\/\/zjarr.tv\/en\/wp-json\/wp\/v2\/media?parent=266762"}],"wp:term":[{"taxonomy":"category","embeddable":true,"href":"https:\/\/zjarr.tv\/en\/wp-json\/wp\/v2\/categories?post=266762"},{"taxonomy":"post_tag","embeddable":true,"href":"https:\/\/zjarr.tv\/en\/wp-json\/wp\/v2\/tags?post=266762"}],"curies":[{"name":"wp","href":"https:\/\/api.w.org\/{rel}","templated":true}]}}