{"id":266771,"date":"2022-06-28T12:29:27","date_gmt":"2022-06-28T10:29:27","guid":{"rendered":"https:\/\/zjarr.tv\/?p=266771"},"modified":"2022-06-28T12:29:27","modified_gmt":"2022-06-28T10:29:27","slug":"fermeret-hedhin-qershite-ne-plehra-rama-nuk-eshte-shqetesuese-te-shkojne-te-mesojne-nga-ata-qe-kane-dale-me-fitim","status":"publish","type":"post","link":"https:\/\/zjarr.tv\/en\/fermeret-hedhin-qershite-ne-plehra-rama-nuk-eshte-shqetesuese-te-shkojne-te-mesojne-nga-ata-qe-kane-dale-me-fitim\/","title":{"rendered":"Fermer\u00ebt hedhin qershit\u00eb n\u00eb plehra, Rama: Nuk \u00ebsht\u00eb shqet\u00ebsuese, t\u00eb shkojn\u00eb t\u00eb m\u00ebsojn\u00eb nga ata q\u00eb kan\u00eb dal\u00eb me fitim"},"content":{"rendered":"<p>N\u00eb nj\u00eb takim me ekspert\u00eb shqiptar\u00eb e t\u00eb huaj, me fermer\u00ebt, agrop\u00ebrpunuesit, p\u00ebrfaq\u00ebsues nga Sh\u00ebrbimi i K\u00ebshillimit dhe Qendrat e Transferimit t\u00eb Teknologjive n\u00eb vend, pedagog\u00eb dhe student\u00eb nga Universiteti Bujq\u00ebsor Tiran\u00eb, kryeministri Edi Rama ka folur p\u00ebr fermer\u00ebt q\u00eb hedhin n\u00eb plehra prodhimet e tyre.<\/p>\n<p>Rama tha se ministria e Bujq\u00ebsis\u00eb, dhe vet\u00eb fermer\u00ebt duhet t\u00eb ndajn\u00eb praktikat mes tyre, pasi n\u00eb nj\u00eb koh\u00eb q\u00eb fermer\u00ebt hedhin qershit\u00eb e tyre n\u00eb plehra, nj\u00eb pjes\u00eb tjet\u00ebr kan\u00eb arritur q\u00eb t\u00eb nxjerrin fitime t\u00eb majme nga shitja e prodhimit.<\/p>\n<p>\u201cDalin disa fermer\u00eb aty q\u00eb hedhin prodhimet, kjo do t\u00eb ishte shqet\u00ebsuese, n\u00eb rast se do t\u00eb hidhnin fermer\u00ebt e t\u00eb gjith\u00eb ShqN\u00eb nj\u00eb takim me ekspert\u00eb shqiptar\u00eb e t\u00eb huaj, me fermer\u00ebt, agrop\u00ebrpunuesit, p\u00ebrfaq\u00ebsues nga Sh\u00ebrbimi i K\u00ebshillimit dhe Qendrat e Transferimit t\u00eb Teknologjive n\u00eb vend, pedagog\u00eb dhe student\u00eb nga Universiteti Bujq\u00ebsor Tiran\u00eb, kryeministri Edi Rama ka folur p\u00ebr fermer\u00ebt q\u00eb hedhin n\u00eb plehra prodhimet e tyre<\/p>\n<p>Rama tha se ministria e Bujq\u00ebsis\u00eb, dhe vet\u00eb fermer\u00ebt duhet t\u00eb ndajn\u00eb praktikat mes tyre, pasi n\u00eb nj\u00eb koh\u00eb q\u00eb fermer\u00ebt hedhin qershit\u00eb e tyre n\u00eb plehra, nj\u00eb pjes\u00eb tjet\u00ebr kan\u00eb arritur q\u00eb t\u00eb nxjerrin fitime t\u00eb majme nga shitja e prodhimit.<\/p>\n<p>\u201cDalin disa fermer\u00eb aty q\u00eb hedhin prodhimet, kjo do t\u00eb ishte shqet\u00ebsuese, n\u00eb rast se do t\u00eb hidhnin fermer\u00ebt e t\u00eb gjith\u00eb Shqip\u00ebris\u00eb. Por kjo nuk ndodh, pasi fermer\u00ebt e tjer\u00eb b\u00ebjn\u00eb t\u00eb ardhura t\u00eb larta fal\u00eb atij prodhimi, kush \u00ebsht\u00eb diferenca mes tyre? Kur t\u00eb dy jan\u00eb n\u00eb t\u00eb nj\u00ebjtin territor, \u00e7far\u00eb duhet b\u00ebr\u00eb k\u00ebtu?<br \/>\nAta fermer\u00eb t\u00eb marrin mundimin dhe t\u00eb shkojn\u00eb te fermer\u00ebt e tjer\u00eb, dhe ti pyesin ore si i b\u00ebni ju k\u00ebto. I takon dhe strukturave t\u00eb Ministris\u00eb q\u00eb t\u00eb krijojn\u00eb k\u00ebto struktura p\u00ebr t\u00eb transferuar dijeni. Kriza q\u00eb kemi para syve tan\u00eb nuk \u00ebsht\u00eb nj\u00eb kriz\u00eb q\u00eb e kemi krijuar ne dhe as e ndalojm\u00eb dot ne.<\/p>\n<p>Flitet p\u00ebr nj\u00eb dim\u00ebr shum\u00eb t\u00eb v\u00ebshtir\u00eb p\u00ebrpara, p\u00ebr mungesa shum\u00eb t\u00eb m\u00ebdha, n\u00eb disa zona t\u00eb bot\u00ebs, ku ne p\u00ebr momentin nuk p\u00ebrfshihemi\u201d, tha Rama.<\/p>\n<p>Nd\u00ebrkoh\u00eb q\u00eb Rama foli dhe p\u00ebr gjendjen e blegtoris\u00eb, ku sipas tij nuk q\u00ebndrojn\u00eb shifrat p\u00ebr uljen e prodhimit, por edhe numrit t\u00eb krer\u00ebve t\u00eb bag\u00ebtive.<\/p>\n<p>\u2018Shqip\u00ebria prodhon sot 97% t\u00eb qum\u00ebshtit q\u00eb konsumohet\u2019, tha Rama.<br \/>\nip\u00ebris\u00eb. Por kjo nuk ndodh, pasi fermer\u00ebt e tjer\u00eb b\u00ebjn\u00eb t\u00eb ardhura t\u00eb larta fal\u00eb atij prodhimi, kush \u00ebsht\u00eb diferenca mes tyre? Kur t\u00eb dy jan\u00eb n\u00eb t\u00eb nj\u00ebjtin territor, \u00e7far\u00eb duhet b\u00ebr\u00eb k\u00ebtu?<br \/>\nAta fermer\u00eb t\u00eb marrin mundimin dhe t\u00eb shkojn\u00eb te fermer\u00ebt e tjer\u00eb, dhe ti pyesin ore si i b\u00ebni ju k\u00ebto. I takon dhe strukturave t\u00eb Ministris\u00eb q\u00eb t\u00eb krijojn\u00eb k\u00ebto struktura p\u00ebr t\u00eb transferuar dijeni. Kriza q\u00eb kemi para syve tan\u00eb nuk \u00ebsht\u00eb nj\u00eb kriz\u00eb q\u00eb e kemi krijuar ne dhe as e ndalojm\u00eb dot ne.<\/p>\n<p>Flitet p\u00ebr nj\u00eb dim\u00ebr shum\u00eb t\u00eb v\u00ebshtir\u00eb p\u00ebrpara, p\u00ebr mungesa shum\u00eb t\u00eb m\u00ebdha, n\u00eb disa zona t\u00eb bot\u00ebs, ku ne p\u00ebr momentin nuk p\u00ebrfshihemi\u201d, tha Rama.<\/p>\n<p>Nd\u00ebrkoh\u00eb q\u00eb Rama foli dhe p\u00ebr gjendjen e blegtoris\u00eb, ku sipas tij nuk q\u00ebndrojn\u00eb shifrat p\u00ebr uljen e prodhimit, por edhe numrit t\u00eb krer\u00ebve t\u00eb bag\u00ebtive.<\/p>\n<p>\u2018Shqip\u00ebria prodhon sot 97% t\u00eb qum\u00ebshtit q\u00eb konsumohet\u2019, tha Rama.<\/p>","protected":false},"excerpt":{"rendered":"<p>N\u00eb nj\u00eb takim me ekspert\u00eb shqiptar\u00eb e t\u00eb huaj, me fermer\u00ebt, agrop\u00ebrpunuesit, p\u00ebrfaq\u00ebsues nga Sh\u00ebrbimi i K\u00ebshillimit dhe Qendrat e Transferimit t\u00eb Teknologjive n\u00eb vend, pedagog\u00eb dhe student\u00eb nga Universiteti Bujq\u00ebsor Tiran\u00eb, kryeministri Edi Rama ka folur p\u00ebr fermer\u00ebt q\u00eb hedhin n\u00eb plehra prodhimet e tyre. Rama tha se ministria e Bujq\u00ebsis\u00eb, dhe vet\u00eb fermer\u00ebt [&hellip;]<\/p>\n","protected":false},"author":2020,"featured_media":266774,"comment_status":"closed","ping_status":"closed","sticky":false,"template":"","format":"standard","meta":{"footnotes":""},"categories":[241,5380,231],"tags":[],"class_list":{"0":"post-266771","1":"post","2":"type-post","3":"status-publish","4":"format-standard","5":"has-post-thumbnail","7":"category-aktualitet","8":"category-kryesore","9":"category-lajme"},"_links":{"self":[{"href":"https:\/\/zjarr.tv\/en\/wp-json\/wp\/v2\/posts\/266771","targetHints":{"allow":["GET"]}}],"collection":[{"href":"https:\/\/zjarr.tv\/en\/wp-json\/wp\/v2\/posts"}],"about":[{"href":"https:\/\/zjarr.tv\/en\/wp-json\/wp\/v2\/types\/post"}],"author":[{"embeddable":true,"href":"https:\/\/zjarr.tv\/en\/wp-json\/wp\/v2\/users\/2020"}],"replies":[{"embeddable":true,"href":"https:\/\/zjarr.tv\/en\/wp-json\/wp\/v2\/comments?post=266771"}],"version-history":[{"count":0,"href":"https:\/\/zjarr.tv\/en\/wp-json\/wp\/v2\/posts\/266771\/revisions"}],"wp:featuredmedia":[{"embeddable":true,"href":"https:\/\/zjarr.tv\/en\/wp-json\/wp\/v2\/media\/266774"}],"wp:attachment":[{"href":"https:\/\/zjarr.tv\/en\/wp-json\/wp\/v2\/media?parent=266771"}],"wp:term":[{"taxonomy":"category","embeddable":true,"href":"https:\/\/zjarr.tv\/en\/wp-json\/wp\/v2\/categories?post=266771"},{"taxonomy":"post_tag","embeddable":true,"href":"https:\/\/zjarr.tv\/en\/wp-json\/wp\/v2\/tags?post=266771"}],"curies":[{"name":"wp","href":"https:\/\/api.w.org\/{rel}","templated":true}]}}