{"id":266776,"date":"2022-06-28T12:36:00","date_gmt":"2022-06-28T10:36:00","guid":{"rendered":"https:\/\/zjarr.tv\/?p=266776"},"modified":"2022-06-28T12:36:00","modified_gmt":"2022-06-28T10:36:00","slug":"pezullimi-dhe-arrestimi-i-drejtuesve-te-policise-per-eleminimin-e-pjerin-xhuvanit-reagon-basha-kerkon-koken-e","status":"publish","type":"post","link":"https:\/\/zjarr.tv\/en\/pezullimi-dhe-arrestimi-i-drejtuesve-te-policise-per-eleminimin-e-pjerin-xhuvanit-reagon-basha-kerkon-koken-e\/","title":{"rendered":"Pezullimi dhe arrestimi i drejtuesve t\u00eb policis\u00eb p\u00ebr eleminimin e Pjerin Xhuvanit, reagon Basha: K\u00ebrkon \u2018kok\u00ebn\u2019 e\u2026"},"content":{"rendered":"<p>Ish-kreu i PD-s\u00eb Lulzim Basha ka reaguar n\u00eb lidhje me urdh\u00ebr ndalimet e prokuroris\u00eb p\u00ebr zyrtar\u00ebt e Policis\u00eb, q\u00eb tentuan t\u00eb fshihnin provat p\u00ebr\u00a0 eleminimin e Pjerin Xhuvanit dy dit\u00eb p\u00ebrpara zgjedhjeve t\u00eb 25 Prillit n\u00eb Elbasan.<\/p>\n<p>Basha shkruan se para drejt\u00ebsis\u00eb duhet t\u00eb vihen urgjentisht edhe ish-drejtori i policis\u00eb Ardi Veliu dhe prokurori i Elbasanit q\u00eb g\u00ebnjyen publikisht p\u00ebr t\u00eb fshehur t\u00eb v\u00ebrtet\u00ebn.<\/p>\n<p>Basha denoncon n\u00eb postimin e tij se policia u b\u00eb nj\u00ebsh me krimin n\u00eb Elbasan dhe jo vet\u00ebm, n\u00eb m\u00ebnyr\u00eb q\u00eb t\u00eb siguronte vota p\u00ebr Ram\u00ebn, dhe mbajtjen e qeveris\u00eb s\u00eb tij n\u00eb pushtet.<\/p>\n<p>Basha:<\/p>\n<p>\u00c7do shqiptar e ka t\u00eb qart\u00eb edhe m\u00eb shum\u00eb sot se si Rama e ka p\u00ebrdorur policin\u00eb p\u00ebr t\u00eb mbrojtur blerjen e votave. Vendimi i djesh\u00ebm tregon se si policia e shtetit u vu n\u00eb sh\u00ebrbim t\u00eb bandave me urdh\u00ebr t\u00eb Edi Ram\u00ebs n\u00eb masakr\u00ebn zgjedhore t\u00eb 25 prillit.<\/p>\n<p>Para drejt\u00ebsis\u00eb duhet t\u00eb vihen urgjentisht edhe ish-drejtori i policis\u00eb dhe prokurori i Elbasanit q\u00eb g\u00ebnjyen publikisht p\u00ebr t\u00eb fshehur t\u00eb v\u00ebrtet\u00ebn.<\/p>\n<p>Asnj\u00eb ushtar politik i sot\u00ebm apo i djesh\u00ebm i Suel \u00c7el\u00ebs nuk mund t\u00eb manipuloj\u00eb t\u00eb v\u00ebrtet\u00ebn e k\u00ebsaj ngjarje, ku policia dhe krimi u b\u00ebn\u00eb bashk\u00eb p\u00ebr t\u00eb bler\u00eb vota dhe q\u00eb fatkeq\u00ebsisht \u00e7oi n\u00eb eleminim.<\/p>","protected":false},"excerpt":{"rendered":"<p>Ish-kreu i PD-s\u00eb Lulzim Basha ka reaguar n\u00eb lidhje me urdh\u00ebr ndalimet e prokuroris\u00eb p\u00ebr zyrtar\u00ebt e Policis\u00eb, q\u00eb tentuan t\u00eb fshihnin provat p\u00ebr\u00a0 eleminimin e Pjerin Xhuvanit dy dit\u00eb p\u00ebrpara zgjedhjeve t\u00eb 25 Prillit n\u00eb Elbasan. Basha shkruan se para drejt\u00ebsis\u00eb duhet t\u00eb vihen urgjentisht edhe ish-drejtori i policis\u00eb Ardi Veliu dhe prokurori i [&hellip;]<\/p>\n","protected":false},"author":2020,"featured_media":266777,"comment_status":"closed","ping_status":"closed","sticky":false,"template":"","format":"standard","meta":{"footnotes":""},"categories":[241,5380,231],"tags":[],"class_list":{"0":"post-266776","1":"post","2":"type-post","3":"status-publish","4":"format-standard","5":"has-post-thumbnail","7":"category-aktualitet","8":"category-kryesore","9":"category-lajme"},"_links":{"self":[{"href":"https:\/\/zjarr.tv\/en\/wp-json\/wp\/v2\/posts\/266776","targetHints":{"allow":["GET"]}}],"collection":[{"href":"https:\/\/zjarr.tv\/en\/wp-json\/wp\/v2\/posts"}],"about":[{"href":"https:\/\/zjarr.tv\/en\/wp-json\/wp\/v2\/types\/post"}],"author":[{"embeddable":true,"href":"https:\/\/zjarr.tv\/en\/wp-json\/wp\/v2\/users\/2020"}],"replies":[{"embeddable":true,"href":"https:\/\/zjarr.tv\/en\/wp-json\/wp\/v2\/comments?post=266776"}],"version-history":[{"count":0,"href":"https:\/\/zjarr.tv\/en\/wp-json\/wp\/v2\/posts\/266776\/revisions"}],"wp:featuredmedia":[{"embeddable":true,"href":"https:\/\/zjarr.tv\/en\/wp-json\/wp\/v2\/media\/266777"}],"wp:attachment":[{"href":"https:\/\/zjarr.tv\/en\/wp-json\/wp\/v2\/media?parent=266776"}],"wp:term":[{"taxonomy":"category","embeddable":true,"href":"https:\/\/zjarr.tv\/en\/wp-json\/wp\/v2\/categories?post=266776"},{"taxonomy":"post_tag","embeddable":true,"href":"https:\/\/zjarr.tv\/en\/wp-json\/wp\/v2\/tags?post=266776"}],"curies":[{"name":"wp","href":"https:\/\/api.w.org\/{rel}","templated":true}]}}