{"id":266788,"date":"2022-06-28T13:01:01","date_gmt":"2022-06-28T11:01:01","guid":{"rendered":"https:\/\/zjarr.tv\/?p=266788"},"modified":"2022-06-28T13:01:01","modified_gmt":"2022-06-28T11:01:01","slug":"shfaqet-lija-e-dhenve-ne-kopshtet-dhe-cerdhet-e-gjirokastres","status":"publish","type":"post","link":"https:\/\/zjarr.tv\/en\/shfaqet-lija-e-dhenve-ne-kopshtet-dhe-cerdhet-e-gjirokastres\/","title":{"rendered":"Shfaqet lija e dhenve n\u00eb kopshtet dhe \u00e7erdhet e Gjirokastr\u00ebs"},"content":{"rendered":"<p>N\u00eb Gjirokast\u00ebr jan\u00eb regjistruar gjasht\u00eb raste me lij\u00ebn e dhenve. Sipas drejtoresh\u00ebs s\u00eb Arsimit n\u00eb k\u00ebt\u00eb qytet, Doriana Demo, kjo s\u00ebmundje \u00ebsht\u00eb shfaqur n\u00eb nj\u00eb periudh\u00eb t\u00eb pazakont\u00eb duke shkaktuar shqet\u00ebsim tek prind\u00ebrit.<\/p>\n<p>Ajo u b\u00ebn thirrje prind\u00ebrve t\u00eb tregohen t\u00eb kujdessh\u00ebm n\u00eb rastet e shfaqjes s\u00eb shenjave t\u00eb para.<\/p>\n<p>\u201cNe kemi pasur raste sporadike n\u00eb \u00e7erdhe dhe nj\u00eb prej kopshteve, f\u00ebmij\u00ebt jan\u00eb distancuar, po mjekohen n\u00eb sht\u00ebpi, vazhdimisht kemi lajm\u00ebruar prind\u00ebrit, \u00ebsht\u00eb koh\u00eb e pazakont\u00eb kjo p\u00ebr lin\u00eb e dhenve.<\/p>\n<p>Prind\u00ebrit t\u00eb jen\u00eb t\u00eb kujdessh\u00ebm, q\u00eb t\u00eb mos i ngat\u00ebrrojn\u00eb simptomat. Kemi pasur 6 raste n\u00eb total, dhe nuk kemi pasur njoftime t\u00eb tjera\u201d, tha ajo.<\/p>\n<p>Mbi 600 f\u00ebmij\u00eb t\u00eb mosh\u00ebs 1 \u2013 7 vje\u00e7 frekuentojn\u00eb institucionet e arsimit parashkollor n\u00eb Bashkin\u00eb Gjirokast\u00ebr, mbi 400 prej t\u00eb cil\u00ebve jan\u00eb n\u00eb kopshtet dhe \u00e7erdhet e qytetit.<\/p>","protected":false},"excerpt":{"rendered":"<p>N\u00eb Gjirokast\u00ebr jan\u00eb regjistruar gjasht\u00eb raste me lij\u00ebn e dhenve. Sipas drejtoresh\u00ebs s\u00eb Arsimit n\u00eb k\u00ebt\u00eb qytet, Doriana Demo, kjo s\u00ebmundje \u00ebsht\u00eb shfaqur n\u00eb nj\u00eb periudh\u00eb t\u00eb pazakont\u00eb duke shkaktuar shqet\u00ebsim tek prind\u00ebrit. Ajo u b\u00ebn thirrje prind\u00ebrve t\u00eb tregohen t\u00eb kujdessh\u00ebm n\u00eb rastet e shfaqjes s\u00eb shenjave t\u00eb para. \u201cNe kemi pasur raste sporadike [&hellip;]<\/p>\n","protected":false},"author":2030,"featured_media":266797,"comment_status":"closed","ping_status":"closed","sticky":false,"template":"","format":"standard","meta":{"footnotes":""},"categories":[241,3366,5380,231],"tags":[],"class_list":{"0":"post-266788","1":"post","2":"type-post","3":"status-publish","4":"format-standard","5":"has-post-thumbnail","7":"category-aktualitet","8":"category-koment","9":"category-kryesore","10":"category-lajme"},"_links":{"self":[{"href":"https:\/\/zjarr.tv\/en\/wp-json\/wp\/v2\/posts\/266788","targetHints":{"allow":["GET"]}}],"collection":[{"href":"https:\/\/zjarr.tv\/en\/wp-json\/wp\/v2\/posts"}],"about":[{"href":"https:\/\/zjarr.tv\/en\/wp-json\/wp\/v2\/types\/post"}],"author":[{"embeddable":true,"href":"https:\/\/zjarr.tv\/en\/wp-json\/wp\/v2\/users\/2030"}],"replies":[{"embeddable":true,"href":"https:\/\/zjarr.tv\/en\/wp-json\/wp\/v2\/comments?post=266788"}],"version-history":[{"count":0,"href":"https:\/\/zjarr.tv\/en\/wp-json\/wp\/v2\/posts\/266788\/revisions"}],"wp:featuredmedia":[{"embeddable":true,"href":"https:\/\/zjarr.tv\/en\/wp-json\/wp\/v2\/media\/266797"}],"wp:attachment":[{"href":"https:\/\/zjarr.tv\/en\/wp-json\/wp\/v2\/media?parent=266788"}],"wp:term":[{"taxonomy":"category","embeddable":true,"href":"https:\/\/zjarr.tv\/en\/wp-json\/wp\/v2\/categories?post=266788"},{"taxonomy":"post_tag","embeddable":true,"href":"https:\/\/zjarr.tv\/en\/wp-json\/wp\/v2\/tags?post=266788"}],"curies":[{"name":"wp","href":"https:\/\/api.w.org\/{rel}","templated":true}]}}