{"id":266792,"date":"2022-06-28T12:58:09","date_gmt":"2022-06-28T10:58:09","guid":{"rendered":"https:\/\/zjarr.tv\/?p=266792"},"modified":"2022-06-28T12:58:09","modified_gmt":"2022-06-28T10:58:09","slug":"nxehet-blendi-fevziu-ramen-une-se-kam-ne-hesap-fare-dhe-sjam-legen-te-rri-si-qen-para-europianeve","status":"publish","type":"post","link":"https:\/\/zjarr.tv\/en\/nxehet-blendi-fevziu-ramen-une-se-kam-ne-hesap-fare-dhe-sjam-legen-te-rri-si-qen-para-europianeve\/","title":{"rendered":"Nxehet Blendi Fevziu: Ram\u00ebn un\u00eb s\u2019e kam n\u00eb hesap fare, dhe s\u2019jam legen t\u00eb rri si qen para europian\u00ebve"},"content":{"rendered":"<p>Gazetari Blendi Fevziu pati nj\u00eb reagim ndaj analistit Artan Hoxha gjat\u00eb nj\u00eb diskutimi n\u00eb emisionin \u201cOpinion\u201d, nd\u00ebrsa komentohej sjellja e vendeve t\u00eb Europ\u00ebs lidhur me procesin e integrimit, Fevziu iu p\u00ebrgjigj analistit, nd\u00ebrsa tha se nuk ka frustracion nga asnj\u00eb faktor.<\/p>\n<p>\u201cKur kam p\u00ebr ta th\u00ebn\u00eb di\u00e7ka p\u00ebr Europ\u00ebn, SHBA-n\u00eb dhe p\u00ebr k\u00ebdo e them, \u00e7a t\u00eb kem un\u00eb qejf dhe si ta mendoj un\u00eb\u201d, tha gazetari.<\/p>\n<p>Hoxha: Ju e kuptoni q\u00eb keni nj\u00eb frustracion q\u00eb i ngjani shum\u00eb Ram\u00ebs dhe po t\u2019ju \u00e7ojn\u00eb n\u00eb nj\u00eb nj\u00eb mjedis europian do silleni si Rama?<\/p>","protected":false},"excerpt":{"rendered":"<p>Gazetari Blendi Fevziu pati nj\u00eb reagim ndaj analistit Artan Hoxha gjat\u00eb nj\u00eb diskutimi n\u00eb emisionin \u201cOpinion\u201d, nd\u00ebrsa komentohej sjellja e vendeve t\u00eb Europ\u00ebs lidhur me procesin e integrimit, Fevziu iu p\u00ebrgjigj analistit, nd\u00ebrsa tha se nuk ka frustracion nga asnj\u00eb faktor. \u201cKur kam p\u00ebr ta th\u00ebn\u00eb di\u00e7ka p\u00ebr Europ\u00ebn, SHBA-n\u00eb dhe p\u00ebr k\u00ebdo e them, [&hellip;]<\/p>\n","protected":false},"author":2020,"featured_media":266793,"comment_status":"closed","ping_status":"closed","sticky":false,"template":"","format":"standard","meta":{"footnotes":""},"categories":[241,5380,231],"tags":[],"class_list":{"0":"post-266792","1":"post","2":"type-post","3":"status-publish","4":"format-standard","5":"has-post-thumbnail","7":"category-aktualitet","8":"category-kryesore","9":"category-lajme"},"_links":{"self":[{"href":"https:\/\/zjarr.tv\/en\/wp-json\/wp\/v2\/posts\/266792","targetHints":{"allow":["GET"]}}],"collection":[{"href":"https:\/\/zjarr.tv\/en\/wp-json\/wp\/v2\/posts"}],"about":[{"href":"https:\/\/zjarr.tv\/en\/wp-json\/wp\/v2\/types\/post"}],"author":[{"embeddable":true,"href":"https:\/\/zjarr.tv\/en\/wp-json\/wp\/v2\/users\/2020"}],"replies":[{"embeddable":true,"href":"https:\/\/zjarr.tv\/en\/wp-json\/wp\/v2\/comments?post=266792"}],"version-history":[{"count":0,"href":"https:\/\/zjarr.tv\/en\/wp-json\/wp\/v2\/posts\/266792\/revisions"}],"wp:featuredmedia":[{"embeddable":true,"href":"https:\/\/zjarr.tv\/en\/wp-json\/wp\/v2\/media\/266793"}],"wp:attachment":[{"href":"https:\/\/zjarr.tv\/en\/wp-json\/wp\/v2\/media?parent=266792"}],"wp:term":[{"taxonomy":"category","embeddable":true,"href":"https:\/\/zjarr.tv\/en\/wp-json\/wp\/v2\/categories?post=266792"},{"taxonomy":"post_tag","embeddable":true,"href":"https:\/\/zjarr.tv\/en\/wp-json\/wp\/v2\/tags?post=266792"}],"curies":[{"name":"wp","href":"https:\/\/api.w.org\/{rel}","templated":true}]}}