{"id":266811,"date":"2022-06-28T13:29:34","date_gmt":"2022-06-28T11:29:34","guid":{"rendered":"https:\/\/zjarr.tv\/?p=266811"},"modified":"2022-06-28T13:29:34","modified_gmt":"2022-06-28T11:29:34","slug":"nuk-jam-penduar-qe-u-bera-deputete-luljeta-bozo-pas-termetit-qytetaret-kane-marre-vila-qe-nuk-i-kishin-enderruar","status":"publish","type":"post","link":"https:\/\/zjarr.tv\/en\/nuk-jam-penduar-qe-u-bera-deputete-luljeta-bozo-pas-termetit-qytetaret-kane-marre-vila-qe-nuk-i-kishin-enderruar\/","title":{"rendered":"\u201cNuk jam penduar q\u00eb u b\u00ebra deputete\u201d, Luljeta Bozo: Pas t\u00ebrmetit qytetar\u00ebt kan\u00eb marr\u00eb vila q\u00eb nuk i kishin \u00ebnd\u00ebrruar"},"content":{"rendered":"<p>Deputetja e Partis\u00eb Socialiste, Luljeta Bozo thot\u00eb se qeveria ka b\u00ebr\u00eb nj\u00eb pun\u00eb shum\u00eb t\u00eb mir\u00eb me rind\u00ebrtimin pas t\u00ebrmetit.<\/p>\n<p>N\u00eb nj\u00eb intervist\u00eb p\u00ebr gazet\u00ebn \u201cPanorama\u201d ajo deklaron se qytetar\u00ebt q\u00eb u prek\u00ebn, kan\u00eb p\u00ebrfituar vila q\u00eb as nuk i kishin \u00ebnd\u00ebrruar.<\/p>\n<p>\u201cQeveria nuk i ka prekur fondet e rind\u00ebrtimit, por \u00ebsht\u00eb n\u00eb v\u00ebshtir\u00ebsi t\u00eb madhe pasi duhet t\u00eb b\u00ebj\u00eb kompensimin e energjis\u00eb p\u00ebr familjet n\u00eb nevoj\u00eb, pasi p\u00ebr shkak t\u00eb kriz\u00ebs \u00ebsht\u00eb rritur edhe \u00e7mimi i energjis\u00eb elektrike. Mb\u00ebshtetja \u00ebsht\u00eb kryesisht p\u00ebr shtres\u00ebn e pensionist\u00ebve, por nuk ka l\u00ebn\u00eb pas dor\u00eb as sektor\u00ebt e tjer\u00eb si bujq\u00ebsia q\u00eb \u00ebsht\u00eb mjaft fitimprur\u00ebse. Sigurisht, ka vend p\u00ebr rregullime, por n\u00eb k\u00ebt\u00eb situat\u00eb t\u00eb v\u00ebshtir\u00eb, qeveria ia ka dal\u00eb duke u dh\u00ebn\u00eb qytetar\u00ebve vila q\u00eb as nuk i kishin \u00ebnd\u00ebrruar. K\u00ebshtu q\u00eb nuk ka ndryshim t\u00eb planeve klienteliste. Nuk duhet folur pa fakte, por me fakte dhe faktet duhet t\u00eb jen\u00eb unison me kushtet q\u00eb kalojm\u00eb pasi nuk jemi ne kushtet normale\u201d, deklaroi Bozo.<\/p>\n<p>E pyetur n\u00ebse \u00ebsht\u00eb penduar q\u00eb la inxhinierin\u00eb p\u00ebr t\u00eb marr\u00eb mandatin e deputetit, ajo thot\u00eb se n\u00ebse do ta kishte k\u00ebt\u00eb ndjenj\u00eb do ishte dor\u00ebhequr tashm\u00eb.<\/p>\n<p>\u201cPo t\u00eb isha penduar do t\u00eb kisha dh\u00ebn\u00eb dor\u00ebheqjen. P\u00ebrderisa njer\u00ebzit m\u00eb votuan, un\u00eb do t\u00eb b\u00ebj maksimumin e mundsh\u00ebm p\u00ebr ta n\u00eb kuvend p\u00ebr ti ndihmuar n\u00eb zgjidhjen e probleme q\u00eb ata kan\u00eb. Jo nuk jam penduar, jam munduar q\u00eb n\u00eb at\u00eb fush\u00eb ku jam, nd\u00ebrtimi, t\u00eb jap maksimumin tim dhe t\u00eb justifikoj vet\u00ebbesimin e madh q\u00eb kishin 1\/3 e popullsis\u00eb s\u00eb madhe, pensionet q\u00eb presin t\u2019ia zgjidh Kuvendi t\u2019iu p\u00ebrmir\u00ebsohet gjendja e tyre ekonomike\u201d, tha m\u00eb tej deputetja socialiste.<\/p>","protected":false},"excerpt":{"rendered":"<p>Deputetja e Partis\u00eb Socialiste, Luljeta Bozo thot\u00eb se qeveria ka b\u00ebr\u00eb nj\u00eb pun\u00eb shum\u00eb t\u00eb mir\u00eb me rind\u00ebrtimin pas t\u00ebrmetit. N\u00eb nj\u00eb intervist\u00eb p\u00ebr gazet\u00ebn \u201cPanorama\u201d ajo deklaron se qytetar\u00ebt q\u00eb u prek\u00ebn, kan\u00eb p\u00ebrfituar vila q\u00eb as nuk i kishin \u00ebnd\u00ebrruar. \u201cQeveria nuk i ka prekur fondet e rind\u00ebrtimit, por \u00ebsht\u00eb n\u00eb v\u00ebshtir\u00ebsi t\u00eb [&hellip;]<\/p>\n","protected":false},"author":2030,"featured_media":266814,"comment_status":"closed","ping_status":"closed","sticky":false,"template":"","format":"standard","meta":{"footnotes":""},"categories":[241,5380,231],"tags":[],"class_list":{"0":"post-266811","1":"post","2":"type-post","3":"status-publish","4":"format-standard","5":"has-post-thumbnail","7":"category-aktualitet","8":"category-kryesore","9":"category-lajme"},"_links":{"self":[{"href":"https:\/\/zjarr.tv\/en\/wp-json\/wp\/v2\/posts\/266811","targetHints":{"allow":["GET"]}}],"collection":[{"href":"https:\/\/zjarr.tv\/en\/wp-json\/wp\/v2\/posts"}],"about":[{"href":"https:\/\/zjarr.tv\/en\/wp-json\/wp\/v2\/types\/post"}],"author":[{"embeddable":true,"href":"https:\/\/zjarr.tv\/en\/wp-json\/wp\/v2\/users\/2030"}],"replies":[{"embeddable":true,"href":"https:\/\/zjarr.tv\/en\/wp-json\/wp\/v2\/comments?post=266811"}],"version-history":[{"count":0,"href":"https:\/\/zjarr.tv\/en\/wp-json\/wp\/v2\/posts\/266811\/revisions"}],"wp:featuredmedia":[{"embeddable":true,"href":"https:\/\/zjarr.tv\/en\/wp-json\/wp\/v2\/media\/266814"}],"wp:attachment":[{"href":"https:\/\/zjarr.tv\/en\/wp-json\/wp\/v2\/media?parent=266811"}],"wp:term":[{"taxonomy":"category","embeddable":true,"href":"https:\/\/zjarr.tv\/en\/wp-json\/wp\/v2\/categories?post=266811"},{"taxonomy":"post_tag","embeddable":true,"href":"https:\/\/zjarr.tv\/en\/wp-json\/wp\/v2\/tags?post=266811"}],"curies":[{"name":"wp","href":"https:\/\/api.w.org\/{rel}","templated":true}]}}