{"id":266816,"date":"2022-06-28T13:40:12","date_gmt":"2022-06-28T11:40:12","guid":{"rendered":"https:\/\/zjarr.tv\/?p=266816"},"modified":"2022-06-28T13:40:12","modified_gmt":"2022-06-28T11:40:12","slug":"europa-nen-valen-e-te-nxehtit-afrikan-meterologet-ngrene-alarmin-temperaturat-10-grade-mbi-mesataren-ne-qytetet-me-te-medha","status":"publish","type":"post","link":"https:\/\/zjarr.tv\/en\/europa-nen-valen-e-te-nxehtit-afrikan-meterologet-ngrene-alarmin-temperaturat-10-grade-mbi-mesataren-ne-qytetet-me-te-medha\/","title":{"rendered":"Europa n\u00ebn val\u00ebn e t\u00eb nxehtit afrikan, meterolog\u00ebt ngren\u00eb alarmin: \u201cTemperaturat 10 grad\u00eb mbi mesataren n\u00eb qytetet m\u00eb t\u00eb m\u00ebdha\u201d"},"content":{"rendered":"<p>Nj\u00eb val\u00eb e nxeht\u00eb ka p\u00ebrfshir\u00eb mbar\u00eb Europ\u00ebn, ku temperaturat sh\u00ebnjojn\u00eb deri n\u00eb 10 grad\u00eb mbi mesataren.<br \/>\nSipas meteorolog\u00ebve, vala e t\u00eb nxehtit n\u00eb Europ\u00eb vjen si rrjedhoj\u00eb e anticiklonit Afrikan, i cili ka krijuar nj\u00eb shtres\u00eb nxeht\u00ebsie kryesisht n\u00eb Europ\u00ebn Per\u00ebndimore. \u201cTemperaturat jan\u00eb t\u00eb ngjashme me ato t\u00eb v\u00ebrejtura n\u00eb korrik apo gusht. N\u00eb disa pjes\u00eb t\u00eb Spanj\u00ebs dhe Franc\u00ebs, temperaturat tejkalojn\u00eb mesataren p\u00ebr k\u00ebt\u00eb periudh\u00eb t\u00eb vitit me m\u00eb shum\u00eb se 10 \u00b0 C, duke thyer shum\u00eb rekorde mujore. Kjo \u00ebsht\u00eb e kombinuar me that\u00ebsir\u00ebn n\u00eb shum\u00eb pjes\u00eb t\u00eb Evrop\u00ebs\u201d, paralajm\u00ebron Organizata Bot\u00ebrore Meteorologjike.<\/p>\n<p>Kjo \u00ebsht\u00eb nj\u00eb situat\u00eb alarmante p\u00ebr gjith\u00eb bot\u00ebn, ndaj ata theksojn\u00eb se i nxehti \u201cd\u00ebshmon shijen e s\u00eb ardhmes\u201d, duke paralajm\u00ebruar k\u00ebshtu ndryshime t\u00eb m\u00ebdha klimatike. \u201cP\u00ebr shkak t\u00eb ndryshimeve klimatike, val\u00ebt e t\u00eb nxehtit fillojn\u00eb m\u00eb her\u00ebt dhe po b\u00ebhen m\u00eb t\u00eb shpeshta dhe m\u00eb t\u00eb r\u00ebnda p\u00ebr shkak t\u00eb p\u00ebrqendrimeve rekord t\u00eb gazeve serr\u00eb q\u00eb bllokojn\u00eb nxeht\u00ebsin\u00eb. Ajo q\u00eb ne po d\u00ebshmojm\u00eb sot \u00ebsht\u00eb nj\u00eb shije e s\u00eb ardhmes\u201d.<\/p>\n<p>Mediat italiane raportojn\u00eb situat\u00ebn n\u00eb disa nga shtetet m\u00eb t\u00eb m\u00ebdha t\u00eb Europ\u00ebs dhe SHBA-s\u00eb, ku jan\u00eb marr\u00eb masa p\u00ebr t\u00eb shmangur daljet n\u00eb or\u00ebt e pikut, t\u00eb cilat variojn\u00eb q\u00eb nga anulimi i koncerteve e deri te pezullimi i pun\u00ebve n\u00eb bujq\u00ebsi.<\/p>\n<p>N\u00eb Franc\u00eb, q\u00eb nga java e kaluar, koncertet dhe tubimet publike jan\u00eb pezulluar n\u00eb disa zona t\u00eb vendit, ve\u00e7an\u00ebrisht n\u00eb rajonin e Bordos\u00eb ku termometri ka arritur n\u00eb 43 grad\u00eb. Parisi gjithashtu arriti kulmin n\u00eb 39 grad\u00eb pak dit\u00eb m\u00eb par\u00eb. P\u00ebrdorimi i kondicioner\u00ebve ka detyruar operator\u00ebt e rrjetit t\u00eb energjis\u00eb elektrike t\u00eb importojn\u00eb energji nga vendet fqinje.<\/p>\n<p>N\u00eb Spanj\u00eb, muaji maj ishte m\u00eb i nxehti n\u00eb historin\u00eb e Gadishullit Iberik dhe po e nj\u00ebjta situat\u00eb u paraqit edhe n\u00eb qershor. K\u00ebtu alarmi kryesor jepet nga zjarret: 20 mij\u00eb hektar\u00eb pyje jan\u00eb shkat\u00ebrruar n\u00eb Katalonj\u00eb. N\u00eb jug t\u00eb vendit priten temperatura deri n\u00eb 45 grad\u00eb. Spanja po lufton gjithashtu me that\u00ebsir\u00ebn: n\u00eb pranver\u00eb reshjet ishin 25% m\u00eb pak se normalja.<\/p>\n<p>N\u00eb Britanin\u00eb e Madhe, ishujt Britanik\u00eb preken pak n\u00eb krahasim me kontinentin. Kjo nuk e pengoi Uellsin q\u00eb t\u00eb p\u00ebrjetonte temperatura prej 33 grad\u00eb p\u00ebr disa dit\u00eb, nj\u00eb nxeht\u00ebsi absolutisht anormale p\u00ebr rajonin. Nj\u00eb alarm sh\u00ebndet\u00ebsor i nivelit t\u00eb tret\u00eb \u00ebsht\u00eb l\u00ebshuar n\u00eb Lond\u00ebr.<\/p>\n<p>N\u00eb Itali, qindra kryebashkiak\u00ebve tashm\u00eb u \u00ebsht\u00eb dashur t\u00eb kufizojn\u00eb p\u00ebrdorimin e ujit t\u00eb pijsh\u00ebm, ve\u00e7an\u00ebrisht n\u00eb veri por edhe n\u00eb jug. N\u00eb Pulia guvernatori \u00a0Michele Emiliano ka n\u00ebnshkruar nj\u00eb urdh\u00ebres\u00eb q\u00eb ndalon pun\u00ebt m\u00eb t\u00eb r\u00ebnda (duke filluar nga ato bujq\u00ebsore) n\u00eb pjes\u00ebn qendrore t\u00eb dit\u00ebs, nga ora 12:30 deri n\u00eb 16, deri m\u00eb 31 gusht.<\/p>\n<p>N\u00eb Shtetet e Bashkuara, situata paraqitet kritike ve\u00e7an\u00ebrisht n\u00eb Kaliforni, ku that\u00ebsira vazhdon prej tre vitesh. N\u00eb shum\u00eb qarqe t\u00eb shtetit, p\u00ebrdorimi i ujit p\u00ebr disa q\u00ebllime sht\u00ebpiake tashm\u00eb \u00ebsht\u00eb i ndaluar, si p\u00ebr shembull ujitja e \u00a0kopshteve.<\/p>","protected":false},"excerpt":{"rendered":"<p>Nj\u00eb val\u00eb e nxeht\u00eb ka p\u00ebrfshir\u00eb mbar\u00eb Europ\u00ebn, ku temperaturat sh\u00ebnjojn\u00eb deri n\u00eb 10 grad\u00eb mbi mesataren. Sipas meteorolog\u00ebve, vala e t\u00eb nxehtit n\u00eb Europ\u00eb vjen si rrjedhoj\u00eb e anticiklonit Afrikan, i cili ka krijuar nj\u00eb shtres\u00eb nxeht\u00ebsie kryesisht n\u00eb Europ\u00ebn Per\u00ebndimore. \u201cTemperaturat jan\u00eb t\u00eb ngjashme me ato t\u00eb v\u00ebrejtura n\u00eb korrik apo gusht. N\u00eb [&hellip;]<\/p>\n","protected":false},"author":2030,"featured_media":266817,"comment_status":"closed","ping_status":"closed","sticky":false,"template":"","format":"standard","meta":{"footnotes":""},"categories":[241,5380,231],"tags":[],"class_list":{"0":"post-266816","1":"post","2":"type-post","3":"status-publish","4":"format-standard","5":"has-post-thumbnail","7":"category-aktualitet","8":"category-kryesore","9":"category-lajme"},"_links":{"self":[{"href":"https:\/\/zjarr.tv\/en\/wp-json\/wp\/v2\/posts\/266816","targetHints":{"allow":["GET"]}}],"collection":[{"href":"https:\/\/zjarr.tv\/en\/wp-json\/wp\/v2\/posts"}],"about":[{"href":"https:\/\/zjarr.tv\/en\/wp-json\/wp\/v2\/types\/post"}],"author":[{"embeddable":true,"href":"https:\/\/zjarr.tv\/en\/wp-json\/wp\/v2\/users\/2030"}],"replies":[{"embeddable":true,"href":"https:\/\/zjarr.tv\/en\/wp-json\/wp\/v2\/comments?post=266816"}],"version-history":[{"count":0,"href":"https:\/\/zjarr.tv\/en\/wp-json\/wp\/v2\/posts\/266816\/revisions"}],"wp:featuredmedia":[{"embeddable":true,"href":"https:\/\/zjarr.tv\/en\/wp-json\/wp\/v2\/media\/266817"}],"wp:attachment":[{"href":"https:\/\/zjarr.tv\/en\/wp-json\/wp\/v2\/media?parent=266816"}],"wp:term":[{"taxonomy":"category","embeddable":true,"href":"https:\/\/zjarr.tv\/en\/wp-json\/wp\/v2\/categories?post=266816"},{"taxonomy":"post_tag","embeddable":true,"href":"https:\/\/zjarr.tv\/en\/wp-json\/wp\/v2\/tags?post=266816"}],"curies":[{"name":"wp","href":"https:\/\/api.w.org\/{rel}","templated":true}]}}