{"id":266819,"date":"2022-06-28T13:51:17","date_gmt":"2022-06-28T11:51:17","guid":{"rendered":"https:\/\/zjarr.tv\/?p=266819"},"modified":"2022-06-28T13:51:17","modified_gmt":"2022-06-28T11:51:17","slug":"bukuresht-balla-takim-me-sekretaren-e-shtetit-per-ceshtjet-europiane-te-nisin-negociatat-per-anetaresimin-ne-be-te-shqiperise-dhe-rmv","status":"publish","type":"post","link":"https:\/\/zjarr.tv\/en\/bukuresht-balla-takim-me-sekretaren-e-shtetit-per-ceshtjet-europiane-te-nisin-negociatat-per-anetaresimin-ne-be-te-shqiperise-dhe-rmv\/","title":{"rendered":"Bukuresht\/ Balla takim me Sekretaren e Shtetit p\u00ebr \u00c7\u00ebshtjet Europiane: T\u00eb nisin negociatat p\u00ebr an\u00ebtar\u00ebsimin n\u00eb BE t\u00eb Shqip\u00ebris\u00eb dhe RMV"},"content":{"rendered":"<p>Gjat\u00eb q\u00ebndrimit n\u00eb Bukuresh, Keyetari i Grupit Parlamentar t\u00eb Partis\u00eb Socialiste Taulant Balla zhvilloi nj\u00eb takim n\u00eb Ministrin\u00eb e Pun\u00ebve t\u00eb Jashtme t\u00eb Rumanis\u00eb me Sekretaren e Shtetit p\u00ebr \u00c7\u00ebshtjet Europiane, znj. Daniela G\u00eetman.<\/p>\n<p>Gjat\u00eb takimit Balla theksoi se marr\u00ebdh\u00ebniet dy pal\u00ebshe midis Shqip\u00ebris\u00eb dhe Rumanis\u00eb historikisht kan\u00eb q\u00ebn\u00eb t\u00eb shk\u00eblqyera.<\/p>\n<p>\u201cRumania si vend an\u00ebtar i BE, \u00ebsht\u00eb nj\u00eb z\u00eb i r\u00ebnd\u00ebsish\u00ebm pro hapjes s\u00eb negociatave p\u00ebr Shqip\u00ebrin\u00eb dhe vendet e tjera t\u00eb Ballkanit Per\u00ebndimor\u201d, tha Balla.<\/p>\n<p>Nga ana e saj, Sekretarja Rumune e Shtetit rikonfirmoi mb\u00ebshtetjen e vendosur t\u00eb Rumanis\u00eb p\u00ebr kursin europian t\u00eb Republik\u00ebs s\u00eb Shqip\u00ebris\u00eb dhe ritheksoi gatishm\u00ebrin\u00eb e vendit t\u00eb saj p\u00ebr t\u00eb ofruar ekspertiz\u00eb dhe asistenc\u00eb nd\u00ebrinstitucionale p\u00ebr t\u00eb \u00e7uar p\u00ebrpara k\u00ebt\u00eb objektiv strategjik. N\u00eb k\u00ebt\u00eb kontekst, pala rumune theksoi r\u00ebnd\u00ebsin\u00eb e nisjes sa m\u00eb shpejt t\u00eb negociatave p\u00ebr an\u00ebtar\u00ebsim n\u00eb Bashkimin Evropian p\u00ebr Republik\u00ebn e Shqip\u00ebris\u00eb dhe Republik\u00ebn e Maqedonis\u00eb s\u00eb Veriut, p\u00ebrkat\u00ebsisht organizimin e konferencave s\u00eb par\u00eb nd\u00ebrqeveritare n\u00eb k\u00ebt\u00eb drejtim.<\/p>","protected":false},"excerpt":{"rendered":"<p>Gjat\u00eb q\u00ebndrimit n\u00eb Bukuresh, Keyetari i Grupit Parlamentar t\u00eb Partis\u00eb Socialiste Taulant Balla zhvilloi nj\u00eb takim n\u00eb Ministrin\u00eb e Pun\u00ebve t\u00eb Jashtme t\u00eb Rumanis\u00eb me Sekretaren e Shtetit p\u00ebr \u00c7\u00ebshtjet Europiane, znj. Daniela G\u00eetman. Gjat\u00eb takimit Balla theksoi se marr\u00ebdh\u00ebniet dy pal\u00ebshe midis Shqip\u00ebris\u00eb dhe Rumanis\u00eb historikisht kan\u00eb q\u00ebn\u00eb t\u00eb shk\u00eblqyera. \u201cRumania si vend an\u00ebtar [&hellip;]<\/p>\n","protected":false},"author":2030,"featured_media":266821,"comment_status":"closed","ping_status":"closed","sticky":false,"template":"","format":"standard","meta":{"footnotes":""},"categories":[241,5380,231],"tags":[],"class_list":{"0":"post-266819","1":"post","2":"type-post","3":"status-publish","4":"format-standard","5":"has-post-thumbnail","7":"category-aktualitet","8":"category-kryesore","9":"category-lajme"},"_links":{"self":[{"href":"https:\/\/zjarr.tv\/en\/wp-json\/wp\/v2\/posts\/266819","targetHints":{"allow":["GET"]}}],"collection":[{"href":"https:\/\/zjarr.tv\/en\/wp-json\/wp\/v2\/posts"}],"about":[{"href":"https:\/\/zjarr.tv\/en\/wp-json\/wp\/v2\/types\/post"}],"author":[{"embeddable":true,"href":"https:\/\/zjarr.tv\/en\/wp-json\/wp\/v2\/users\/2030"}],"replies":[{"embeddable":true,"href":"https:\/\/zjarr.tv\/en\/wp-json\/wp\/v2\/comments?post=266819"}],"version-history":[{"count":0,"href":"https:\/\/zjarr.tv\/en\/wp-json\/wp\/v2\/posts\/266819\/revisions"}],"wp:featuredmedia":[{"embeddable":true,"href":"https:\/\/zjarr.tv\/en\/wp-json\/wp\/v2\/media\/266821"}],"wp:attachment":[{"href":"https:\/\/zjarr.tv\/en\/wp-json\/wp\/v2\/media?parent=266819"}],"wp:term":[{"taxonomy":"category","embeddable":true,"href":"https:\/\/zjarr.tv\/en\/wp-json\/wp\/v2\/categories?post=266819"},{"taxonomy":"post_tag","embeddable":true,"href":"https:\/\/zjarr.tv\/en\/wp-json\/wp\/v2\/tags?post=266819"}],"curies":[{"name":"wp","href":"https:\/\/api.w.org\/{rel}","templated":true}]}}