{"id":266820,"date":"2022-06-28T13:52:27","date_gmt":"2022-06-28T11:52:27","guid":{"rendered":"https:\/\/zjarr.tv\/?p=266820"},"modified":"2022-06-28T13:52:27","modified_gmt":"2022-06-28T11:52:27","slug":"arrestimi-i-zv-drejtorit-te-policise-albert-nushi-luciano-boci-tani-qe-e-permbushen-rolin-e-tyre-mjeshtri-po-i-leshon-nje-nga-nje-kerkon-te-shpetoje-koken-e","status":"publish","type":"post","link":"https:\/\/zjarr.tv\/en\/arrestimi-i-zv-drejtorit-te-policise-albert-nushi-luciano-boci-tani-qe-e-permbushen-rolin-e-tyre-mjeshtri-po-i-leshon-nje-nga-nje-kerkon-te-shpetoje-koken-e\/","title":{"rendered":"Arrestimi i zv.drejtorit t\u00eb policis\u00eb Albert Nushi, Lu\u00e7iano Bo\u00e7i: Tani q\u00eb e p\u00ebrmbush\u00ebn rolin e tyre, \u201cmjeshtri\u201d po i l\u00ebshon nj\u00eb nga nj\u00eb. K\u00ebrkon t\u00eb shp\u00ebtoj\u00eb kok\u00ebn e\u2026"},"content":{"rendered":"<p>Deputeti i Partis\u00eb Demokratike Lu\u00e7iano Bo\u00e7i ka reaguar n\u00eb lidhje me mas\u00ebn e arrestit ndaj ish-drejtorit t\u00eb Policis\u00eb s\u00eb Fierit, Albert Nushi, i cili s\u00eb bashku me Nikollaq Pall\u00ebn ishin t\u00eb pranish\u00ebm n\u00eb momentin kur u vra Pjerin Xhuvani 4 dit\u00eb para zgjedhjeve t\u00eb 25 prillit 2021.<\/p>\n<p>Sipas Bo\u00e7it, Nushi rezulton nj\u00eb person i p\u00ebrfshir\u00eb dhe n\u00eb manipulime provash p\u00ebr ngjarje t\u00eb tjera. Ai shton se tashm\u00eb q\u00eb ish-zv. drejtori dhe polici\u00eb t\u00eb tjer\u00eb e kan\u00eb p\u00ebrmbushur rolin e tyre p\u00ebr manipulimin e zgjedhjeve, kryeministri po i l\u00ebshon nj\u00eb nga nj\u00eb p\u00ebr t\u00eb shp\u00ebtuar kok\u00ebn e tij.<\/p>\n<p>POSTIMI I PLOT\u00cb I LU\u00c7IANO BO\u00c7IT<\/p>\n<p>SHITJA E RRADH\u00cbS<\/p>\n<p>Arrestimi i djesh\u00ebm e drejtuesve t\u00eb policis\u00eb dhe efektiv\u00ebve t\u00eb saj \u00ebsht\u00eb maja e ajsbergut t\u00eb implikimit t\u00eb turpsh\u00ebm t\u00eb k\u00ebsaj trupe n\u00eb masakr\u00ebn zgjedhore t\u00eb 25 prillit. Midis tyre spikat Zv\/drejtori NUSHI, i p\u00ebrfshir\u00eb n\u00eb manipulim provash dhe n\u00eb ngjarje t\u00eb tjera.<\/p>\n<p>Zelli i tij ekstrem n\u00eb goditjen e protestuesve demokrat\u00eb ka qen\u00eb i njohur p\u00ebr publikun. Por tashm\u00eb ai e ca t\u00eb tjer\u00eb e kan\u00eb p\u00ebrmbushur rolin e tyre, e \u201cmjeshtri\u201d lart, po i shet nj\u00eb e nga nj\u00eb, p\u00ebr t\u00eb shp\u00ebtuar l\u00ebkur\u00ebn e vet.<\/p>\n<p>Prandaj arrestimi i tyre nuk p\u00ebrb\u00ebn m\u00eb lajm.<\/p>\n<p>\u00cbsht\u00eb shitja e rradh\u00ebs, pasi i ka shtrydhur mir\u00eb e mir\u00eb.<\/p>\n<p>A nuk b\u00ebri k\u00ebshtu me Kok\u00ebn?!<\/p>\n<p>Po me Bllakon, pasi e shfryt\u00ebzoi si bler\u00ebs votash?!<\/p>\n<p>Etj\u2026etj\u2026<\/p>\n<p>Por megjithat\u00eb laku po shtr\u00ebngohet pak nga pak dhe p\u00ebr Ram\u00ebn.<\/p>\n<p>Revolta popullore \u00ebsht\u00eb n\u00eb prag!<\/p>","protected":false},"excerpt":{"rendered":"<p>Deputeti i Partis\u00eb Demokratike Lu\u00e7iano Bo\u00e7i ka reaguar n\u00eb lidhje me mas\u00ebn e arrestit ndaj ish-drejtorit t\u00eb Policis\u00eb s\u00eb Fierit, Albert Nushi, i cili s\u00eb bashku me Nikollaq Pall\u00ebn ishin t\u00eb pranish\u00ebm n\u00eb momentin kur u vra Pjerin Xhuvani 4 dit\u00eb para zgjedhjeve t\u00eb 25 prillit 2021. Sipas Bo\u00e7it, Nushi rezulton nj\u00eb person i p\u00ebrfshir\u00eb [&hellip;]<\/p>\n","protected":false},"author":2020,"featured_media":266825,"comment_status":"closed","ping_status":"closed","sticky":false,"template":"","format":"standard","meta":{"footnotes":""},"categories":[241,5380,231],"tags":[],"class_list":{"0":"post-266820","1":"post","2":"type-post","3":"status-publish","4":"format-standard","5":"has-post-thumbnail","7":"category-aktualitet","8":"category-kryesore","9":"category-lajme"},"_links":{"self":[{"href":"https:\/\/zjarr.tv\/en\/wp-json\/wp\/v2\/posts\/266820","targetHints":{"allow":["GET"]}}],"collection":[{"href":"https:\/\/zjarr.tv\/en\/wp-json\/wp\/v2\/posts"}],"about":[{"href":"https:\/\/zjarr.tv\/en\/wp-json\/wp\/v2\/types\/post"}],"author":[{"embeddable":true,"href":"https:\/\/zjarr.tv\/en\/wp-json\/wp\/v2\/users\/2020"}],"replies":[{"embeddable":true,"href":"https:\/\/zjarr.tv\/en\/wp-json\/wp\/v2\/comments?post=266820"}],"version-history":[{"count":0,"href":"https:\/\/zjarr.tv\/en\/wp-json\/wp\/v2\/posts\/266820\/revisions"}],"wp:featuredmedia":[{"embeddable":true,"href":"https:\/\/zjarr.tv\/en\/wp-json\/wp\/v2\/media\/266825"}],"wp:attachment":[{"href":"https:\/\/zjarr.tv\/en\/wp-json\/wp\/v2\/media?parent=266820"}],"wp:term":[{"taxonomy":"category","embeddable":true,"href":"https:\/\/zjarr.tv\/en\/wp-json\/wp\/v2\/categories?post=266820"},{"taxonomy":"post_tag","embeddable":true,"href":"https:\/\/zjarr.tv\/en\/wp-json\/wp\/v2\/tags?post=266820"}],"curies":[{"name":"wp","href":"https:\/\/api.w.org\/{rel}","templated":true}]}}