{"id":266831,"date":"2022-06-28T14:05:14","date_gmt":"2022-06-28T12:05:14","guid":{"rendered":"https:\/\/zjarr.tv\/?p=266831"},"modified":"2022-06-28T14:05:14","modified_gmt":"2022-06-28T12:05:14","slug":"kellici-protesta-e-7-korrikut-nuk-eshte-per-pd-por-per-qytetaret","status":"publish","type":"post","link":"https:\/\/zjarr.tv\/en\/kellici-protesta-e-7-korrikut-nuk-eshte-per-pd-por-per-qytetaret\/","title":{"rendered":"K\u00eblli\u00e7i: Protesta e 7 korrikut nuk \u00ebsht\u00eb p\u00ebr PD, por p\u00ebr qytetar\u00ebt"},"content":{"rendered":"<p>Basti i Doktorit me 7 Korrikun\u201d ishte tema e emisionit \u201cLog.\u201d n\u00eb Abc e gazetarit Endri Xhafo t\u00eb h\u00ebn\u00ebn n\u00eb mbr\u00ebmje. I ftuar n\u00eb studio deputeti demokrat Belind K\u00eblli\u00e7i tha se protesta e 7 korrikut nuk b\u00ebhet p\u00ebr Partin\u00eb Demokratike por p\u00ebr qytetar\u00ebt.<\/p>\n<p>I pyetur nga moderatori Xhafo, se a duhet t\u00eb marr\u00eb pjes\u00eb ish-kreu i PD Lulzim Basha, K\u00eblli\u00e7i tha se duhet t\u00eb marr\u00eb pjes\u00eb n\u00eb rast se e konsideron veten p\u00ebrball\u00eb Ram\u00ebs.<\/p>\n<p>Pjes\u00eb nga biseda:<\/p>\n<p>K\u00eblli\u00e7i: \u00cbsht\u00eb detyra e \u00e7do deputeti opozitar q\u00eb t\u00eb jet\u00eb kund\u00ebr Ram\u00ebs dhe af\u00ebr qytetar\u00ebve. M\u00eb vjen shum\u00eb mir\u00eb q\u00eb ju cek\u00ebt pak vendimin e Gjykat\u00ebs q\u00eb i ka dh\u00ebn\u00eb t\u00eb drejt\u00eb PD-s\u00eb dhe Rithemelimit. Deri n\u00eb nj\u00eb vendim t\u00eb dyt\u00eb PD drejtohet nga kryetari Sali Berisha. Ata q\u00eb gjejn\u00eb si justifikim protest\u00ebn e thirrur nga PD dhe Sali Berisha, p\u00ebr mua gjejn\u00eb nj\u00eb justifikim p\u00ebr t\u00eb qen\u00eb larg qytetar\u00ebve. Ky \u00ebsht\u00eb nj\u00eb lajm i mir\u00eb q\u00eb gjith\u00eb deputet\u00ebt do duhet t\u00eb jet\u00eb n\u00eb protest\u00eb. \u00cbsht\u00eb nj\u00eb protest\u00eb q\u00eb nuk b\u00ebhet p\u00ebr PD por p\u00ebr qytetar\u00ebt.<\/p>\n<p>Xhafo: A prisni t\u00eb jet\u00eb zoti Basha?<\/p>\n<p>K\u00eblli\u00e7i: Zoti Basha \u00ebsht\u00eb vot\u00ebbesuar deputet nga PD p\u00ebr t\u00eb qen\u00eb p\u00ebrball\u00eb Edi Ram\u00ebs, n\u00ebse \u00ebsht\u00eb v\u00ebrtet\u00eb p\u00ebrball\u00eb Ram\u00ebs t\u00eb dal\u00eb n\u00eb protest\u00eb n\u00eb dat\u00eb 7 korrik. Nuk ka r\u00ebnd\u00ebsi kush e th\u00ebrret protest\u00ebn \u00ebsht\u00eb detyr\u00eb qytetar\u00eb t\u00eb protestosh.<\/p>","protected":false},"excerpt":{"rendered":"<p>Basti i Doktorit me 7 Korrikun\u201d ishte tema e emisionit \u201cLog.\u201d n\u00eb Abc e gazetarit Endri Xhafo t\u00eb h\u00ebn\u00ebn n\u00eb mbr\u00ebmje. I ftuar n\u00eb studio deputeti demokrat Belind K\u00eblli\u00e7i tha se protesta e 7 korrikut nuk b\u00ebhet p\u00ebr Partin\u00eb Demokratike por p\u00ebr qytetar\u00ebt. I pyetur nga moderatori Xhafo, se a duhet t\u00eb marr\u00eb pjes\u00eb ish-kreu [&hellip;]<\/p>\n","protected":false},"author":2020,"featured_media":266836,"comment_status":"closed","ping_status":"closed","sticky":false,"template":"","format":"standard","meta":{"footnotes":""},"categories":[241,5380,231],"tags":[],"class_list":{"0":"post-266831","1":"post","2":"type-post","3":"status-publish","4":"format-standard","5":"has-post-thumbnail","7":"category-aktualitet","8":"category-kryesore","9":"category-lajme"},"_links":{"self":[{"href":"https:\/\/zjarr.tv\/en\/wp-json\/wp\/v2\/posts\/266831","targetHints":{"allow":["GET"]}}],"collection":[{"href":"https:\/\/zjarr.tv\/en\/wp-json\/wp\/v2\/posts"}],"about":[{"href":"https:\/\/zjarr.tv\/en\/wp-json\/wp\/v2\/types\/post"}],"author":[{"embeddable":true,"href":"https:\/\/zjarr.tv\/en\/wp-json\/wp\/v2\/users\/2020"}],"replies":[{"embeddable":true,"href":"https:\/\/zjarr.tv\/en\/wp-json\/wp\/v2\/comments?post=266831"}],"version-history":[{"count":0,"href":"https:\/\/zjarr.tv\/en\/wp-json\/wp\/v2\/posts\/266831\/revisions"}],"wp:featuredmedia":[{"embeddable":true,"href":"https:\/\/zjarr.tv\/en\/wp-json\/wp\/v2\/media\/266836"}],"wp:attachment":[{"href":"https:\/\/zjarr.tv\/en\/wp-json\/wp\/v2\/media?parent=266831"}],"wp:term":[{"taxonomy":"category","embeddable":true,"href":"https:\/\/zjarr.tv\/en\/wp-json\/wp\/v2\/categories?post=266831"},{"taxonomy":"post_tag","embeddable":true,"href":"https:\/\/zjarr.tv\/en\/wp-json\/wp\/v2\/tags?post=266831"}],"curies":[{"name":"wp","href":"https:\/\/api.w.org\/{rel}","templated":true}]}}