{"id":266838,"date":"2022-06-28T14:11:58","date_gmt":"2022-06-28T12:11:58","guid":{"rendered":"https:\/\/zjarr.tv\/?p=266838"},"modified":"2022-06-28T14:11:58","modified_gmt":"2022-06-28T12:11:58","slug":"une-vdes-per-3d-investigimi-i-birn-premtimet-e-rames-qe-nuk-jane-mbajtur-nga-aeroportet-te-hipodromet-linjat-hekurudhore-e-ishujt-artificial","status":"publish","type":"post","link":"https:\/\/zjarr.tv\/en\/une-vdes-per-3d-investigimi-i-birn-premtimet-e-rames-qe-nuk-jane-mbajtur-nga-aeroportet-te-hipodromet-linjat-hekurudhore-e-ishujt-artificial\/","title":{"rendered":"\u201cUn\u00eb vdes p\u00ebr 3D\u201d, Investigimi i BIRN: Premtimet e Ram\u00ebs q\u00eb nuk jan\u00eb mbajtur, nga aeroportet te hipodromet, linjat hekurudhore e ishujt artificial!"},"content":{"rendered":"<p>Premtimet e Edi Ram\u00ebs duken t\u00eb shk\u00eblqyera n\u00eb 3D, por nj\u00eb analiz\u00eb e BIRN zbulon se shum\u00eb nga projektet e tij infrastrukturore nuk jan\u00eb nd\u00ebrtuar ende.<\/p>\n<p>M\u00eb 8 qershor, n\u00eb nj\u00eb takim t\u00eb nism\u00ebs Ballkani i Hapur n\u00eb Oh\u00ebr, Maqedoni e Veriut, kryeministri shqiptar Edi Rama zbuloi nj\u00eb plan p\u00ebr t\u00eb nd\u00ebrtuar nj\u00eb ur\u00eb mbi lumin Buna, q\u00eb lidh Velipoj\u00ebn n\u00eb Shqip\u00ebrin\u00eb veriore me Ulqinin n\u00eb Malin e Zi n\u00eb jug.<\/p>\n<p>Delegat\u00ebve iu prezantua nj\u00eb projekt 3D t\u00eb planit, i cili parashikohet t\u00eb kushtoj\u00eb 9 milion\u00eb euro.<\/p>\n<p>\u201cKjo \u00ebsht\u00eb fryma e Ballkanit t\u00eb Hapur\u201d, tha Rama.<\/p>\n<p>Kjo mund t\u00eb jet\u00eb e v\u00ebrtet\u00eb, por animacioni i teknologjis\u00eb s\u00eb lart\u00eb nuk \u00ebsht\u00eb garanci se ura do t\u00eb nd\u00ebrtohet n\u00eb t\u00eb v\u00ebrtet\u00eb.<\/p>\n<p>Nga aeroportet te hipodromet, linjat hekurudhore e ishujt artificial\u00eb, projektet e shpalosura n\u00eb 3D jan\u00eb b\u00ebr\u00eb nj\u00eb mark\u00eb e sundimit n\u00ebnt\u00ebvje\u00e7ar t\u00eb Ram\u00ebs. \u201cUn\u00eb vdes p\u00ebr 3D\u201d, tha ai n\u00eb nj\u00eb takim me t\u00eb rinjt\u00eb n\u00eb korrik t\u00eb vitit t\u00eb kaluar.<\/p>\n<p>Por BIRN ka gjetur se vet\u00ebm disa nga planet jan\u00eb realizuar.<\/p>\n<p>Rama \u201c\u00ebsht\u00eb b\u00ebr\u00eb mjesht\u00ebr p\u00ebr t\u00eb manipuluar emocionet\u201d, tha ekspertja e komunikimit Edlira Gjoni. \u201cTeknologjia thjesht e ndihmon at\u00eb t\u00eb p\u00ebrcjell\u00eb planet e tij dhe \u00e7far\u00ebdo q\u00eb ai mendon se \u00ebsht\u00eb e drejt\u00eb p\u00ebr votuesit.\u201d<\/p>\n<p><strong>Berat, Elbasan, Durr\u00ebs, Kuk\u00ebs, Vlor\u00eb\u2026<\/strong><\/p>\n<p>Rama, kreu i Partis\u00eb Socialiste n\u00eb pushtet, e ka k\u00ebt\u00eb mandatin e tij t\u00eb tret\u00eb radhazi si kryeminist\u00ebr.<\/p>\n<p>N\u00eb vitin 2015, dy vjet pas marrjes s\u00eb mandatit t\u00eb tij t\u00eb par\u00eb, Rama p\u00ebrdori 3D p\u00ebr t\u00eb prezantuar nj\u00eb projekt ambicioz p\u00ebr t\u00eb krijuar nj\u00eb ishull n\u00eb lumin Osum q\u00eb rrjedh p\u00ebrmes qytetit juglindor t\u00eb Beratit, duke shnd\u00ebrruar kat\u00ebr hektar\u00eb tok\u00eb bosh n\u00eb nj\u00eb ishull multifunksional q\u00eb, sipas planit, do t\u00eb sillte aty turist\u00eb.<\/p>\n<p>\u201cI siguroj t\u00eb gjith\u00eb qytetar\u00ebt e Beratit se pas marrjes s\u00eb propozimit fitues nga juria, do t\u00eb fillojm\u00eb pun\u00ebn me bashkin\u00eb e re p\u00ebr zbatimin e k\u00ebtij projekti\u201d, tha Rama.<\/p>\n<p>Gjasht\u00eb vjet m\u00eb von\u00eb, nd\u00ebrsa b\u00ebnte fushat\u00eb n\u00eb zgjedhjet parlamentare t\u00eb vitit t\u00eb kaluar, Rama u p\u00ebrball me protesta n\u00eb Berat nga banor\u00ebt e zem\u00ebruar q\u00eb projekti nuk \u00ebsht\u00eb realizuar ende. Kryebashkiaku i Beratit, Ervin Demo nuk iu p\u00ebrgjigj k\u00ebrkes\u00ebs s\u00eb BIRN p\u00ebr informacion n\u00eb lidhje me statusin e projektit.<\/p>\n<p>Por nuk \u00ebsht\u00eb vet\u00ebm Berati.<\/p>\n<p>N\u00eb korrik t\u00eb vitit t\u00eb kaluar, Rama p\u00ebrdori nj\u00eb tjet\u00ebr animacion 3D p\u00ebr t\u00eb prezantuar nj\u00eb projekt p\u00ebr t\u00eb nd\u00ebrtuar nj\u00eb pist\u00eb garash n\u00eb qytetin e Elbasanit, duke e quajtur at\u00eb \u201cnj\u00eb \u00ebnd\u00ebrr e b\u00ebr\u00eb realitet\u201d. Kryebashkiaku i Elbasanit nuk iu p\u00ebrgjigj pyetjeve t\u00eb BIRN lidhur me statusin e k\u00ebtij projekti.<\/p>\n<p>M\u00eb pas \u00ebsht\u00eb Porti i Durr\u00ebsit, projekti 3D i t\u00eb cilit u prezantua n\u00eb prill t\u00eb vitit t\u00eb kaluar, me nd\u00ebrtimin q\u00eb do t\u00eb nis\u00eb n\u00eb mars-prill t\u00eb k\u00ebtij viti.<\/p>\n<p>I pyetur m\u00eb 7 prill gjat\u00eb nj\u00eb interviste televizive se kur dhe n\u00ebse do t\u00eb nd\u00ebrtohet porti, Rama u p\u00ebrgjigj: \u201cPo p\u00ebrfundojm\u00eb negociatat.\u201d<\/p>\n<p>Nj\u00eb projekt 3D q\u00eb ka filluar t\u00eb nd\u00ebrtohet \u00ebsht\u00eb nj\u00eb linj\u00eb hekurudhore q\u00eb lidh Durr\u00ebsin me kryeqytetin, Tiran\u00ebn.<\/p>\n<p>Por edhe ky projekt ka shkaktuar polemika pasi mediat zbuluan se Rama kishte p\u00ebrdorur imazhe nga nj\u00eb video promovuese p\u00ebr nj\u00eb linj\u00eb treni n\u00eb Katar si pjes\u00eb t\u00eb prezantimit t\u00eb tij. Ai, madje, huazoi edhe muzik\u00ebn. Megjithat\u00eb, nd\u00ebrtimi filloi n\u00eb n\u00ebntor t\u00eb vitit t\u00eb kaluar.<\/p>\n<p>Nj\u00eb aeroport i premtuar n\u00eb rajonin verior t\u00eb Kuk\u00ebsit gjithashtu u realizua p\u00ebrfundimisht, ndon\u00ebse vite pasi Rama e prezantoi p\u00ebr her\u00eb t\u00eb par\u00eb at\u00eb n\u00eb 3D. Vonesat kan\u00eb shoq\u00ebruar nd\u00ebrkoh\u00eb nj\u00eb aeroport t\u00eb propozuar n\u00eb rajonin bregdetar jugor t\u00eb Vlor\u00ebs, i kund\u00ebrshtuar shum\u00eb nga grupet p\u00ebr mbrojtjen e mjedisit.<\/p>\n<p>Nd\u00ebrtimi duhej t\u00eb fillonte n\u00eb vitin 2018. Ai filloi n\u00eb n\u00ebntor 2021 dhe Rama e ka shtyr\u00eb afatin e p\u00ebrfundimit p\u00ebr n\u00eb vitin 2024. Rama ka premtuar nj\u00eb tjet\u00ebr aeroport n\u00eb jug n\u00eb qytetin turistik t\u00eb Sarand\u00ebs, por dy tendera publik\u00eb nuk kan\u00eb marr\u00eb deri m\u00eb tani asnj\u00eb ofert\u00eb.<\/p>\n<p><strong>Teatri i vjet\u00ebr i rrafshuar, i riu s\u2019ka nisur ende t\u00eb nd\u00ebrtohet<\/strong><\/p>\n<p>Megjithat\u00eb, asgj\u00eb nuk krahasohet me stuhin\u00eb q\u00eb rrethon planin e Ram\u00ebs p\u00ebr nj\u00eb teat\u00ebr t\u00eb ri komb\u00ebtar, t\u00eb zbuluar s\u00ebrish n\u00eb 3D. Shum\u00eb an\u00ebtar\u00eb t\u00eb sken\u00ebs kulturore shqiptare u zem\u00ebruan nga plani p\u00ebr t\u00eb rrafshuar nd\u00ebrtes\u00ebn historike t\u00eb Teatrit Komb\u00ebtar. Artist\u00eb dhe aktivist\u00eb pushtuan nd\u00ebrtes\u00ebn, por n\u00eb maj 2020, Rama d\u00ebrgoi atje forcat speciale t\u00eb policis\u00eb.<\/p>\n<p>Nd\u00ebrtesa u shkat\u00ebrrua, por m\u00eb shum\u00eb se dy vjet m\u00eb von\u00eb, vendi mbetet pak m\u00eb shum\u00eb se nj\u00eb grop\u00eb e rrethuar nga nj\u00eb gardh i lart\u00eb. Nd\u00ebrtimi i teatrit t\u00eb ri ende nuk ka filluar.<\/p>\n<p>Rama faj\u00ebsoi p\u00ebr vonesat t\u00ebrmetin q\u00eb goditi Shqip\u00ebrin\u00eb n\u00eb n\u00ebntor 2019 \u2013 para se teatri t\u00eb shkat\u00ebrrohej \u2013 si dhe p\u00ebr pandemin\u00eb COVID-19 dhe luft\u00ebn n\u00eb Ukrain\u00eb.<\/p>\n<p>\u201cTeatri do t\u00eb nd\u00ebrtohet si\u00e7 \u00ebsht\u00eb parashikuar dhe si\u00e7 kemi premtuar\u201d, tha ai, duke faj\u00ebsuar \u201cngjarje t\u00eb paparashikuara\u201d p\u00ebr ngadal\u00ebsimin e ritmit.<\/p>\n<p>Opozita akuzon Ram\u00ebn p\u00ebr propagand\u00eb n\u00eb rrjetet sociale. Vitin e kaluar, Jorida Tabaku, nga Partia Demokratike e opozit\u00ebs, tha se shteti shqiptar n\u00ebn Ram\u00ebn dhe aleatin e tij n\u00eb zyr\u00ebn e bashkis\u00eb s\u00eb Tiran\u00ebs, Erion Veliaj, \u201c\u00ebsht\u00eb nj\u00eb shtet i projekteve n\u00eb Facebook dhe 3D\u201d.<\/p>\n<p>Erlis \u00c7ela, nj\u00eb profesor komunikimi n\u00eb Universitetin Beder n\u00eb Tiran\u00eb, tha se qeveria po p\u00ebrdor teknologjin\u00eb dhe dominimin e saj n\u00eb sken\u00ebn mediatike p\u00ebr t\u00eb krijuar nj\u00eb \u201cimazh t\u00eb rrem\u00eb\u201d t\u00eb arritjeve t\u00eb saj.<\/p>\n<p>\u201cMe k\u00ebto imazhe, qeveria dhe kryeministri i drejtohen nj\u00eb audience masive q\u00eb p\u00ebrdorin kryesisht rrjetet sociale dhe portalet si burim informacioni\u201d, tha ai p\u00ebr BIRN.<\/p>\n<p>\u201cAta e din\u00eb shum\u00eb mir\u00eb q\u00eb shumica e k\u00ebsaj audience nuk \u00ebsht\u00eb n\u00eb gjendje t\u00eb verifikoj\u00eb realizimin e k\u00ebtyre projekteve.\u201d<\/p>\n<p>Gjoni, eksperte komunikimi, tha se gjith\u00e7ka ishte \u201ce tepruar\u201d.<\/p>\n<p>\u201c\u00cbsht\u00eb nj\u00eb produkt i epok\u00ebs digjitale\u201d, tha ajo<\/p>","protected":false},"excerpt":{"rendered":"<p>Premtimet e Edi Ram\u00ebs duken t\u00eb shk\u00eblqyera n\u00eb 3D, por nj\u00eb analiz\u00eb e BIRN zbulon se shum\u00eb nga projektet e tij infrastrukturore nuk jan\u00eb nd\u00ebrtuar ende. M\u00eb 8 qershor, n\u00eb nj\u00eb takim t\u00eb nism\u00ebs Ballkani i Hapur n\u00eb Oh\u00ebr, Maqedoni e Veriut, kryeministri shqiptar Edi Rama zbuloi nj\u00eb plan p\u00ebr t\u00eb nd\u00ebrtuar nj\u00eb ur\u00eb mbi [&hellip;]<\/p>\n","protected":false},"author":2030,"featured_media":266839,"comment_status":"closed","ping_status":"closed","sticky":false,"template":"","format":"standard","meta":{"footnotes":""},"categories":[241,5380,231],"tags":[],"class_list":{"0":"post-266838","1":"post","2":"type-post","3":"status-publish","4":"format-standard","5":"has-post-thumbnail","7":"category-aktualitet","8":"category-kryesore","9":"category-lajme"},"_links":{"self":[{"href":"https:\/\/zjarr.tv\/en\/wp-json\/wp\/v2\/posts\/266838","targetHints":{"allow":["GET"]}}],"collection":[{"href":"https:\/\/zjarr.tv\/en\/wp-json\/wp\/v2\/posts"}],"about":[{"href":"https:\/\/zjarr.tv\/en\/wp-json\/wp\/v2\/types\/post"}],"author":[{"embeddable":true,"href":"https:\/\/zjarr.tv\/en\/wp-json\/wp\/v2\/users\/2030"}],"replies":[{"embeddable":true,"href":"https:\/\/zjarr.tv\/en\/wp-json\/wp\/v2\/comments?post=266838"}],"version-history":[{"count":0,"href":"https:\/\/zjarr.tv\/en\/wp-json\/wp\/v2\/posts\/266838\/revisions"}],"wp:featuredmedia":[{"embeddable":true,"href":"https:\/\/zjarr.tv\/en\/wp-json\/wp\/v2\/media\/266839"}],"wp:attachment":[{"href":"https:\/\/zjarr.tv\/en\/wp-json\/wp\/v2\/media?parent=266838"}],"wp:term":[{"taxonomy":"category","embeddable":true,"href":"https:\/\/zjarr.tv\/en\/wp-json\/wp\/v2\/categories?post=266838"},{"taxonomy":"post_tag","embeddable":true,"href":"https:\/\/zjarr.tv\/en\/wp-json\/wp\/v2\/tags?post=266838"}],"curies":[{"name":"wp","href":"https:\/\/api.w.org\/{rel}","templated":true}]}}