{"id":266841,"date":"2022-06-28T14:22:00","date_gmt":"2022-06-28T12:22:00","guid":{"rendered":"https:\/\/zjarr.tv\/?p=266841"},"modified":"2022-06-28T14:22:00","modified_gmt":"2022-06-28T12:22:00","slug":"protesta-e-7-korrikut-bashkon-grupin-e-pd-zbulohen-emrat-e-deputeteve-qe-konfirmojne-pjesemarrjen-ne-tubimin-e-thirrur-nga-berisha","status":"publish","type":"post","link":"https:\/\/zjarr.tv\/en\/protesta-e-7-korrikut-bashkon-grupin-e-pd-zbulohen-emrat-e-deputeteve-qe-konfirmojne-pjesemarrjen-ne-tubimin-e-thirrur-nga-berisha\/","title":{"rendered":"Protesta e 7 korrikut bashkon grupin e PD! Zbulohen emrat e deputet\u00ebve q\u00eb konfirmojn\u00eb pjes\u00ebmarrjen n\u00eb tubimin e thirrur nga Berisha"},"content":{"rendered":"<p>Ish-Kryeministri Sali Berisha konfirmoi dje edhe vendin e protest\u00ebs s\u00eb dat\u00ebs 7 korrik, e cila do t\u00eb jet\u00eb para Kryeministris\u00eb, n\u00eb or\u00ebn 19:00. N\u00eb nj\u00eb postim n\u00eb \u201cFacebook\u201d, Berisha ftoi t\u00eb gjith\u00eb q\u00eb t\u00eb bashkohen n\u00eb at\u00eb q\u00eb ai e quajti \u201cFronti p\u00ebr t\u00eb Shp\u00ebtuar Shqip\u00ebrin\u00eb\u201d. Nd\u00ebrkoh\u00eb, p\u00ebr t\u00eb dal\u00eb kund\u00ebr qeveris\u00eb \u201cRama\u201d, duket se kan\u00eb l\u00ebn\u00eb m\u00ebnjan\u00eb p\u00ebrplasjet e brendshme shumica e deputet\u00ebve.<\/p>\n<p>Gazeta \u201cPanorama\u201d kontaktoi dje me deputet\u00ebt e grupit t\u00eb PD-s\u00eb, duke pasur n\u00eb fokus ligjv\u00ebn\u00ebsit q\u00eb nuk i jan\u00eb bashkuar l\u00ebvizjes s\u00eb Berish\u00ebs. Jo t\u00eb gjith\u00eb iu p\u00ebrgjigj\u00ebn pyetjes n\u00ebse do t\u00eb merrnin pjes\u00eb n\u00eb protest\u00eb, megjithat\u00eb shumica prej tyre iu p\u00ebrgjigj madje duke dh\u00ebn\u00eb edhe q\u00ebndrimet e tyre.<\/p>\n<p>Nga p\u00ebrgjigjet rezultoi se jan\u00eb mbi 31 deputet\u00eb, t\u00eb cil\u00ebt do jen\u00eb pasditen e 7 korrikut n\u00eb shesh kund\u00ebr qeveris\u00eb. Grida Duma: \u00cbsht\u00eb detyr\u00eb qytetare, pastaj detyr\u00eb si politikan\u00eb q\u00eb t\u00eb marrin pjes\u00eb n\u00eb protest\u00eb, sidomos kur kjo \u00ebsht\u00eb e munguar. PD-ja duhet t\u00eb b\u00ebj\u00eb gjith\u00e7ka p\u00ebr t\u00eb ngritur forc\u00ebn e opozit\u00ebs dhe pa diskutim, nj\u00ebra an\u00eb \u00ebsht\u00eb forca e fjal\u00ebs dhe argumentit dhe protestat jan\u00eb mjeti kryesor q\u00eb i jep forc\u00eb njer\u00ebzve q\u00eb jan\u00eb tulatur nga varf\u00ebria dhe nga problemet q\u00eb aktualisht ndodhemi n\u00eb nj\u00eb sistem autokratik.<\/p>\n<p>Dhurata \u00c7upi: Kam marr\u00eb pjes\u00eb n\u00eb \u00e7do protest\u00eb q\u00eb \u00ebsht\u00eb thirrur qoft\u00eb nga shoq\u00ebria civile, qoft\u00eb nga PD-ja. Mos harrojm\u00eb q\u00eb nga viti 2013, PD-ja ka organizuar protestat nga m\u00eb t\u00eb m\u00ebdha. Nuk kam arsye, p\u00ebrkundrazi jan\u00eb pafund arsyet q\u00eb ne duhet t\u00eb marrim pjes\u00eb n\u00eb protest\u00eb kund\u00ebr pushtetit t\u00eb Edi Ram\u00ebs.<\/p>\n<p>Ervin Salianji: Data 7 korrik n\u00eb kushtet kur \u00e7mimet jan\u00eb rritur, nafta po shkon n\u00eb stratosfer\u00eb, ku qeveria i merr parat\u00eb nga qytetar\u00ebt dhe ia jep nj\u00eb grushti oligark\u00ebsh dhe nuk kujdeset p\u00ebr asnj\u00eb shtres\u00eb, duhet protestuar dhe madje fuqish\u00ebm. Duhet t\u00eb jet\u00eb nj\u00eb form\u00eb reagimi p\u00ebr t\u00eb vendosur n\u00ebn fre nj\u00eb qeveri q\u00eb po kthehet ne regjiJorida Tabaku: Un\u00eb kam marr\u00eb pjes\u00eb n\u00eb \u00e7do protest\u00eb qytetare, isha dhe para nj\u00eb jave me 3 f\u00ebmij\u00ebt. Do t\u00eb dal n\u00eb \u00e7do protest\u00eb.<\/p>\n<p>Dashnor Sula: Patjet\u00ebr q\u00eb do t\u00eb marr pjes\u00eb, madje do t\u00eb ftoja t\u00eb gjith\u00eb qytetar\u00ebt q\u00eb t\u00eb dalin t\u00eb protestojn\u00eb p\u00ebr t\u00eb drejtat e tyre. P\u00ebr t\u2019u b\u00ebr\u00eb barrier\u00eb ndaj abuzimeve t\u00eb qeveris\u00eb, e cila edhe n\u00eb k\u00ebt\u00eb koh\u00eb krize k\u00ebrkon t\u2019u pij\u00eb gjakun shqiptar\u00ebve.<\/p>\n<p>Saimir Korreshi: Do t\u00eb marr pjes\u00eb n\u00eb protest\u00eb.<\/p>\n<p>Xhelal Mziu: Me shum\u00eb k\u00ebnaq\u00ebsi dhe angazhim, p\u00ebr ta rr\u00ebzuar k\u00ebt\u00eb sistem diktatorial dhe t\u00eb korruptuar.<\/p>\n<p>Orjola Pampuri: Un\u00eb marr pjes\u00eb n\u00eb \u00e7do protest\u00eb q\u00eb thirret nga qytetar\u00ebt.<\/p>\n<p>Lefter G\u00ebshtenja: Do jem bashk\u00eb dhe n\u00eb krah\u00eb me qytetar\u00ebt!<\/p>\n<p>Zef Hila: Patjet\u00ebr q\u00eb do t\u00eb jem.<\/p>\n<p>Greta Bardheli: Patjet\u00ebr q\u00eb do t\u00eb marr pjes\u00eb.<\/p>\n<p>Zheni Gjergji: Un\u00eb kam qen\u00eb dhe do jem n\u00eb \u00e7do protest\u00eb kund\u00ebr k\u00ebsaj qeverie.<\/p>\n<p>Nd\u00ebrsa, Flutura A\u00e7ka thot\u00eb se e mb\u00ebshtet protest\u00ebn, por p\u00ebr shkak t\u00eb angazhimeve t\u00eb saj nuk do ta ket\u00eb t\u00eb mundur t\u00eb marr\u00eb pjes\u00eb. \u201cNuk e di nuk e kam vendosur, kam p\u00ebrshtypjen q\u00eb nuk do jem k\u00ebtu. Njer\u00ebzit jan\u00eb t\u00eb lir\u00eb, kush d\u00ebshiron t\u00eb shkoj\u00eb n\u00eb protest\u00eb. Duhet t\u00eb dalin patjet\u00ebr\u201d.<\/p>\n<p>Nd\u00ebrkoh\u00eb, i vetmi q\u00eb ishte krejt\u00ebsisht i qart\u00eb p\u00ebr mospjes\u00ebmarrjen e tij ishte deputeti i Durr\u00ebsit, Ferdinant Xhaferaj. \u201cJo, m\u00eb 7 korrik nuk do t\u00eb jem, pasi marr pjes\u00eb vet\u00ebm n\u00eb ato protesta q\u00eb i shoh si zgjidhje p\u00ebr problemet q\u00eb po hasim t\u00eb gjith\u00eb\u201d, tha Xhaferaj.<\/p>\n<p>DEPUTETET E OPOZITES PER PROTESTEN E 7 KORRIKUT<\/p>\n<p>AGRON GJEKMARKAJ-Nuk p\u00ebrgjigjet<\/p>\n<p>AGRON SHEHAJ Po<\/p>\n<p>ALFRED RUSHAJ- Nuk pergjigjet<\/p>\n<p>ANDIA ULLIRI- Nuk e ka vendosur<\/p>\n<p>ARBI AGALLIU- Nuk \u00ebsht\u00eb p\u00ebrgjigjur<\/p>\n<p>BELIND K\u00cbLLI\u00c7I- P<\/p>\n<p>ILDA DHORI \u2013 PO<\/p>\n<p>BLEDJON NALLBATI- Po<\/p>\n<p>BUJAR LESKAJ- Po<\/p>\n<p>DASHNOR SULA- Po<\/p>\n<p>DHURATA TYLI (\u00c7UPI)- Po<\/p>\n<p>EDI PALOKA- Po<\/p>\n<p>ELDA HOTI- Po<\/p>\n<p>ERALDA BANO (TASE)- Po<\/p>\n<p>ERVIN SALIANJI- Po<\/p>","protected":false},"excerpt":{"rendered":"<p>Ish-Kryeministri Sali Berisha konfirmoi dje edhe vendin e protest\u00ebs s\u00eb dat\u00ebs 7 korrik, e cila do t\u00eb jet\u00eb para Kryeministris\u00eb, n\u00eb or\u00ebn 19:00. N\u00eb nj\u00eb postim n\u00eb \u201cFacebook\u201d, Berisha ftoi t\u00eb gjith\u00eb q\u00eb t\u00eb bashkohen n\u00eb at\u00eb q\u00eb ai e quajti \u201cFronti p\u00ebr t\u00eb Shp\u00ebtuar Shqip\u00ebrin\u00eb\u201d. Nd\u00ebrkoh\u00eb, p\u00ebr t\u00eb dal\u00eb kund\u00ebr qeveris\u00eb \u201cRama\u201d, duket se [&hellip;]<\/p>\n","protected":false},"author":2020,"featured_media":266846,"comment_status":"closed","ping_status":"closed","sticky":false,"template":"","format":"standard","meta":{"footnotes":""},"categories":[241,5380,231],"tags":[],"class_list":{"0":"post-266841","1":"post","2":"type-post","3":"status-publish","4":"format-standard","5":"has-post-thumbnail","7":"category-aktualitet","8":"category-kryesore","9":"category-lajme"},"_links":{"self":[{"href":"https:\/\/zjarr.tv\/en\/wp-json\/wp\/v2\/posts\/266841","targetHints":{"allow":["GET"]}}],"collection":[{"href":"https:\/\/zjarr.tv\/en\/wp-json\/wp\/v2\/posts"}],"about":[{"href":"https:\/\/zjarr.tv\/en\/wp-json\/wp\/v2\/types\/post"}],"author":[{"embeddable":true,"href":"https:\/\/zjarr.tv\/en\/wp-json\/wp\/v2\/users\/2020"}],"replies":[{"embeddable":true,"href":"https:\/\/zjarr.tv\/en\/wp-json\/wp\/v2\/comments?post=266841"}],"version-history":[{"count":0,"href":"https:\/\/zjarr.tv\/en\/wp-json\/wp\/v2\/posts\/266841\/revisions"}],"wp:featuredmedia":[{"embeddable":true,"href":"https:\/\/zjarr.tv\/en\/wp-json\/wp\/v2\/media\/266846"}],"wp:attachment":[{"href":"https:\/\/zjarr.tv\/en\/wp-json\/wp\/v2\/media?parent=266841"}],"wp:term":[{"taxonomy":"category","embeddable":true,"href":"https:\/\/zjarr.tv\/en\/wp-json\/wp\/v2\/categories?post=266841"},{"taxonomy":"post_tag","embeddable":true,"href":"https:\/\/zjarr.tv\/en\/wp-json\/wp\/v2\/tags?post=266841"}],"curies":[{"name":"wp","href":"https:\/\/api.w.org\/{rel}","templated":true}]}}