{"id":266848,"date":"2022-06-28T14:27:38","date_gmt":"2022-06-28T12:27:38","guid":{"rendered":"https:\/\/zjarr.tv\/?p=266848"},"modified":"2022-06-28T14:27:38","modified_gmt":"2022-06-28T12:27:38","slug":"amnistia-fiskale-si-perfitojne-familjaret-e-politikaneve-drafti-nuk-parandalon-legalizimin-e-parave-nga-ryshfeti","status":"publish","type":"post","link":"https:\/\/zjarr.tv\/en\/amnistia-fiskale-si-perfitojne-familjaret-e-politikaneve-drafti-nuk-parandalon-legalizimin-e-parave-nga-ryshfeti\/","title":{"rendered":"Amnistia fiskale\/ Si p\u00ebrfitojn\u00eb familjar\u00ebt e politikan\u00ebve, drafti nuk parandalon legalizimin e parave nga ryshfeti"},"content":{"rendered":"<p>Amnistia fiskale e propozuar nga qeveria lejon q\u00eb t\u00eb deklarojn\u00eb pasurin\u00eb deri n\u00eb 2 milion euro edhe familjar\u00ebt e ngusht\u00eb t\u00eb politikan\u00ebve, zyrtar\u00ebve dhe ish-zyrtar\u00ebve t\u00eb lart\u00eb n\u00ebse nuk jan\u00eb pjes\u00eb certifikat\u00ebn familjare n\u00eb momentin e hyrjes n\u00eb fuqi t\u00eb ligjit. Vet\u00eb politikan\u00ebt, kabineti qeveritar, funksionar\u00eb dhe ish funksionar\u00eb t\u00eb lart\u00eb shtet\u00ebror\u00eb dhe familjet e tyre jan\u00eb t\u00eb p\u00ebrjashtuar nga amnistia, por me nj\u00eb akt formal cilido familjar i tyre p\u00ebrve\u00e7 bashk\u00ebshort\u00ebve mund t\u00eb ndahet nga certifikata familjare, dhe t\u00eb b\u00ebhet p\u00ebrfitues i legalizimit t\u00eb nj\u00eb pasurie n\u00eb para cash ose prona deri n\u00eb 2 milion euro.<\/p>\n<p>Taksimi duket mjaft i ul\u00ebt po ta krahasosh me tatimin mbi t\u00eb ardhurat, nis me 5% p\u00ebr shumat e parave cash q\u00eb deklarohen deri n\u00eb muajin e 4 t\u00eb hyrjes n\u00eb fuqi t\u00eb amnistis\u00eb dhe 10% p\u00ebr periudh\u00ebn m\u00eb pas, nd\u00ebrkoh\u00eb q\u00eb qytetar\u00ebt e aktualisht tatohen me 23% p\u00ebr t\u00eb ardhurat mbi 15 mij\u00eb euro n\u00eb vit. P\u00ebr pasurit\u00eb e tjera, prona apo sende me vler\u00eb taksimi \u00ebsht\u00eb 7% p\u00ebr kapitalet q\u00eb deklarohen deri n\u00eb muajin e 4 t\u00eb hyrjes n\u00eb fuqi t\u00eb amnistis\u00eb dhe 10% p\u00ebr periudh\u00ebn m\u00eb pas.<\/p>\n<p>Amnistia do t\u00eb zgjas\u00eb 9 muaj. Drafti qeverise nuk mbart ndonj\u00eb kufizim eksplicit p\u00ebr parat\u00eb q\u00eb mund t\u00eb jen\u00eb fituar p\u00ebrmes ryshfetit dhe korrupsionit, nd\u00ebrkohe q\u00eb ndalohet prokuroria dhe strukturat e tjera ligjzbatuese q\u00eb t\u00eb zhvillojn\u00eb hetime apo t\u00eb marrin indicie p\u00ebr hetime t\u00eb tjera penale. Veprat penale n\u00eb fush\u00ebn tatimore dhe doganore, t\u00eb cilat amnistohen me k\u00ebt\u00eb ligj, p\u00ebrfshijn\u00eb nj\u00eb kapitull t\u00eb t\u00ebr\u00eb t\u00eb Kodit Penal. Krijimi i skemave mashtruese me TVSH-n\u00eb, nj\u00eb plag\u00eb e sistemit tatimor shqiptar ku duket se jan\u00eb p\u00ebrfshir\u00eb edhe kompanit\u00eb e nd\u00ebrtimit dhe kromi, \u00ebsht\u00eb nj\u00eb vep\u00ebr penale q\u00eb d\u00ebnohet me tre deri n\u00eb dhjet\u00eb vjet burg por q\u00eb fal\u00eb k\u00ebtij projektligji, p\u00ebrfituesit do t\u00eb mund t\u00eb legalizojn\u00eb parat\u00eb e tyre dhe nj\u00ebkoh\u00ebsisht, t\u00eb mbyllin telashet me drejt\u00ebsin\u00eb p\u00ebrgjithmon\u00eb, pavar\u00ebsisht se \u00e7far\u00eb kostosh i kan\u00eb shkaktuar taksapaguesit. Por projektligji duket se amniston edhe kontraband\u00ebn, p\u00ebrfshir\u00eb kontraband\u00ebn e mallrave t\u00eb akciz\u00ebs, e cila d\u00ebnohet me gjob\u00eb ose me burgim deri n\u00eb shtat\u00eb vjet.<\/p>\n<p>Nga ana tjet\u00ebr Qeveria kufizohet vet\u00ebm duke deklaruar se subjektet e ligjit \u201cP\u00ebr parandalimin dhe goditjen e krimit t\u00eb organizuar dhe trafikimit n\u00ebp\u00ebrmjet masave parandaluese kund\u00ebr pasuris\u00eb\u201d jan\u00eb t\u00eb ndaluar t\u00eb p\u00ebrfitojn\u00eb. Ligji n\u00eb fjal\u00eb, i njohur si Ligji Antimafia, i ngarkon poseduesit e pasurive me barr\u00ebn e prov\u00ebs p\u00ebr t\u00eb provuar burimin e ligjsh\u00ebm kur kapen nga autoritetet. Por p\u00ebr sa koh\u00eb nuk jan\u00eb zbuluar, gjithkush mund t\u00eb deklaroj\u00eb deri n\u00eb 2 milion\u00eb euro pasuri pa justifikuar burimin dhe pa pasur nevoj\u00eb q\u00eb t\u00eb demonstroj\u00eb s\u00eb paku se parat\u00eb e fituara jan\u00eb rezultat i evazionit fiskal dhe jo rezultat i aktiviteteve t\u00eb tjera kriminale.<\/p>","protected":false},"excerpt":{"rendered":"<p>Amnistia fiskale e propozuar nga qeveria lejon q\u00eb t\u00eb deklarojn\u00eb pasurin\u00eb deri n\u00eb 2 milion euro edhe familjar\u00ebt e ngusht\u00eb t\u00eb politikan\u00ebve, zyrtar\u00ebve dhe ish-zyrtar\u00ebve t\u00eb lart\u00eb n\u00ebse nuk jan\u00eb pjes\u00eb certifikat\u00ebn familjare n\u00eb momentin e hyrjes n\u00eb fuqi t\u00eb ligjit. Vet\u00eb politikan\u00ebt, kabineti qeveritar, funksionar\u00eb dhe ish funksionar\u00eb t\u00eb lart\u00eb shtet\u00ebror\u00eb dhe familjet e [&hellip;]<\/p>\n","protected":false},"author":2030,"featured_media":266850,"comment_status":"closed","ping_status":"closed","sticky":false,"template":"","format":"standard","meta":{"footnotes":""},"categories":[241,5380,231,1454],"tags":[],"class_list":{"0":"post-266848","1":"post","2":"type-post","3":"status-publish","4":"format-standard","5":"has-post-thumbnail","7":"category-aktualitet","8":"category-kryesore","9":"category-lajme","10":"category-politike"},"_links":{"self":[{"href":"https:\/\/zjarr.tv\/en\/wp-json\/wp\/v2\/posts\/266848","targetHints":{"allow":["GET"]}}],"collection":[{"href":"https:\/\/zjarr.tv\/en\/wp-json\/wp\/v2\/posts"}],"about":[{"href":"https:\/\/zjarr.tv\/en\/wp-json\/wp\/v2\/types\/post"}],"author":[{"embeddable":true,"href":"https:\/\/zjarr.tv\/en\/wp-json\/wp\/v2\/users\/2030"}],"replies":[{"embeddable":true,"href":"https:\/\/zjarr.tv\/en\/wp-json\/wp\/v2\/comments?post=266848"}],"version-history":[{"count":0,"href":"https:\/\/zjarr.tv\/en\/wp-json\/wp\/v2\/posts\/266848\/revisions"}],"wp:featuredmedia":[{"embeddable":true,"href":"https:\/\/zjarr.tv\/en\/wp-json\/wp\/v2\/media\/266850"}],"wp:attachment":[{"href":"https:\/\/zjarr.tv\/en\/wp-json\/wp\/v2\/media?parent=266848"}],"wp:term":[{"taxonomy":"category","embeddable":true,"href":"https:\/\/zjarr.tv\/en\/wp-json\/wp\/v2\/categories?post=266848"},{"taxonomy":"post_tag","embeddable":true,"href":"https:\/\/zjarr.tv\/en\/wp-json\/wp\/v2\/tags?post=266848"}],"curies":[{"name":"wp","href":"https:\/\/api.w.org\/{rel}","templated":true}]}}