{"id":266849,"date":"2022-06-28T14:28:52","date_gmt":"2022-06-28T12:28:52","guid":{"rendered":"https:\/\/zjarr.tv\/?p=266849"},"modified":"2022-06-28T14:28:52","modified_gmt":"2022-06-28T12:28:52","slug":"dyert-e-turqise-jane-te-mbyllura-per-greqine-erdogan-ben-deklaraten-e-forte-para-samitit-te-nato-s","status":"publish","type":"post","link":"https:\/\/zjarr.tv\/en\/dyert-e-turqise-jane-te-mbyllura-per-greqine-erdogan-ben-deklaraten-e-forte-para-samitit-te-nato-s\/","title":{"rendered":"\u201cDyert e Turqis\u00eb jan\u00eb t\u00eb mbyllura p\u00ebr Greqin\u00eb\u201d, Erdogan b\u00ebn deklarat\u00ebn e fort\u00eb para Samitit t\u00eb NATO-s"},"content":{"rendered":"<p>Gjat\u00eb nisjes s\u00eb tij p\u00ebr n\u00eb Samitin e NATO-s n\u00eb Madrit, presidenti turk Rexhep Tajip Erdogan b\u00ebri deklarata t\u00eb forta ndaj kryeministrit grek Kyriakos Mitsotakis. Presidenti turk theksoi se dyert e Turqis\u00eb mbeten t\u00eb mbyllura p\u00ebr Greqin\u00eb, teksa vuri n\u00eb pik\u00ebpyetje n\u00ebse NATO do t\u00eb p\u00ebrballonte largimin e Turqis\u00eb nga Aleanca Euroatalntike.<\/p>\n<p>Fuqia m\u00eb e r\u00ebnd\u00ebsishme \u00ebsht\u00eb Turqia. A mund t\u00eb p\u00ebrballoj\u00eb NATO-ja t\u00eb humbas\u00eb nj\u00eb fuqi si Turqia? Turqia e ka p\u00ebrdorur vazhdimisht fuqin\u00eb e saj p\u00ebr NATO-n. Jemi t\u00eb vendosur t\u00eb vazhdojm\u00eb k\u00ebt\u00eb kurs t\u00eb papajtuesh\u00ebm\u201d, ka th\u00ebn\u00eb Erdogan p\u00ebr gazetar\u00ebt teksa \u00ebsht\u00eb nisur p\u00ebr n\u00eb Madrit, ku do t\u00eb zhvillohet Samiti i NATO-s.<\/p>\n<p>\u201cNuk \u00ebsht\u00eb e mundur q\u00eb un\u00eb t\u00eb kem nj\u00eb takim dypal\u00ebsh me zotin Mitsotakis .Ne kishim planifikuar nj\u00eb takim strategjik t\u00eb nivelit t\u00eb lart\u00eb me Greqin\u00eb, por un\u00eb e anulova. Nuk mund t\u00eb b\u00ebhet m\u00eb, ka mbaruar. Ne e mbyll\u00ebm k\u00ebt\u00eb der\u00eb\u201d, tha Erdogan.<\/p>\n<p>Fuqia m\u00eb e r\u00ebnd\u00ebsishme \u00ebsht\u00eb Turqia. A mund t\u00eb p\u00ebrballoj\u00eb NATO-ja t\u00eb humbas\u00eb nj\u00eb fuqi si Turqia? Turqia e ka p\u00ebrdorur vazhdimisht fuqin\u00eb e saj p\u00ebr NATO-n. Ne jemi t\u00eb vendosur t\u00eb vazhdojm\u00eb k\u00ebt\u00eb kurs t\u00eb papajtuesh\u00ebm,\u201d tha Erdogan.<\/p>\n<p>\u201c\u00c7far\u00eb b\u00ebri NATO p\u00ebr t\u00eb luftuar terrorizmin kur mij\u00ebra kamion\u00eb me arm\u00eb iu dhan\u00eb terrorist\u00ebve? Kamion\u00ebt kan\u00eb ardhur nga SHBA. Do ta themi s\u00ebrish n\u00eb takimin ton\u00eb. Si \u00ebsht\u00eb e mundur q\u00eb t\u00eb jen\u00eb dy vende krah p\u00ebr krah dhe brenda NATO-s dhe t\u2019u jepen arm\u00eb terrorist\u00ebve? Ju that\u00eb q\u00eb jepen n\u00eb Greqi me synimin e Rusis\u00eb. Dometh\u00ebn\u00eb kund\u00ebr kujt p\u00ebrdoren k\u00ebto arm\u00eb? Tani i njohim shum\u00eb mir\u00eb. Ne do t\u2019i nxjerrim n\u00eb plan t\u00eb par\u00eb. \u201cKu u strehua n\u00eb Greqi FET\u00d6, q\u00eb tentoi grushtin e shtetit?\u201d, tha Erdogan,<\/p>\n<p>Presidenti turk tha gjithashtu se sot n\u00eb m\u00ebngjes ka pasur nj\u00eb bised\u00eb telefonike me presidentin e Shteteve t\u00eb Bashkuara t\u00eb Amerik\u00ebs , Joe Biden, i cili ka shprehur d\u00ebshir\u00ebn q\u00eb t\u00eb takohet sonte ose nes\u00ebr n\u00eb Madrid, n\u00eb kuad\u00ebr t\u00eb Samitit t\u00eb NATO-s. P\u00ebr \u00e7\u00ebshtjen e an\u00ebtar\u00ebsimit t\u00eb Suedis\u00eb dhe Finland\u00ebs n\u00eb Aleanc\u00ebn Atlantike, Erdogan tha se nuk d\u00ebshiron fjal\u00eb, por vepra.<\/p>","protected":false},"excerpt":{"rendered":"<p>Gjat\u00eb nisjes s\u00eb tij p\u00ebr n\u00eb Samitin e NATO-s n\u00eb Madrit, presidenti turk Rexhep Tajip Erdogan b\u00ebri deklarata t\u00eb forta ndaj kryeministrit grek Kyriakos Mitsotakis. Presidenti turk theksoi se dyert e Turqis\u00eb mbeten t\u00eb mbyllura p\u00ebr Greqin\u00eb, teksa vuri n\u00eb pik\u00ebpyetje n\u00ebse NATO do t\u00eb p\u00ebrballonte largimin e Turqis\u00eb nga Aleanca Euroatalntike. Fuqia m\u00eb e [&hellip;]<\/p>\n","protected":false},"author":2020,"featured_media":266853,"comment_status":"closed","ping_status":"closed","sticky":false,"template":"","format":"standard","meta":{"footnotes":""},"categories":[241,5380,231],"tags":[],"class_list":{"0":"post-266849","1":"post","2":"type-post","3":"status-publish","4":"format-standard","5":"has-post-thumbnail","7":"category-aktualitet","8":"category-kryesore","9":"category-lajme"},"_links":{"self":[{"href":"https:\/\/zjarr.tv\/en\/wp-json\/wp\/v2\/posts\/266849","targetHints":{"allow":["GET"]}}],"collection":[{"href":"https:\/\/zjarr.tv\/en\/wp-json\/wp\/v2\/posts"}],"about":[{"href":"https:\/\/zjarr.tv\/en\/wp-json\/wp\/v2\/types\/post"}],"author":[{"embeddable":true,"href":"https:\/\/zjarr.tv\/en\/wp-json\/wp\/v2\/users\/2020"}],"replies":[{"embeddable":true,"href":"https:\/\/zjarr.tv\/en\/wp-json\/wp\/v2\/comments?post=266849"}],"version-history":[{"count":0,"href":"https:\/\/zjarr.tv\/en\/wp-json\/wp\/v2\/posts\/266849\/revisions"}],"wp:featuredmedia":[{"embeddable":true,"href":"https:\/\/zjarr.tv\/en\/wp-json\/wp\/v2\/media\/266853"}],"wp:attachment":[{"href":"https:\/\/zjarr.tv\/en\/wp-json\/wp\/v2\/media?parent=266849"}],"wp:term":[{"taxonomy":"category","embeddable":true,"href":"https:\/\/zjarr.tv\/en\/wp-json\/wp\/v2\/categories?post=266849"},{"taxonomy":"post_tag","embeddable":true,"href":"https:\/\/zjarr.tv\/en\/wp-json\/wp\/v2\/tags?post=266849"}],"curies":[{"name":"wp","href":"https:\/\/api.w.org\/{rel}","templated":true}]}}