{"id":266855,"date":"2022-06-28T14:49:10","date_gmt":"2022-06-28T12:49:10","guid":{"rendered":"https:\/\/zjarr.tv\/?p=266855"},"modified":"2022-06-28T15:52:42","modified_gmt":"2022-06-28T13:52:42","slug":"berisha-i-jep-zemer-demokrateve-protesta-e-7-korrikut-ne-koalicion-me-forcat-e-tjera-opozitare-do-na-bashkohen-gjithe-shqiptaret-e-do-rrezojme-edvin-ramen","status":"publish","type":"post","link":"https:\/\/zjarr.tv\/en\/berisha-i-jep-zemer-demokrateve-protesta-e-7-korrikut-ne-koalicion-me-forcat-e-tjera-opozitare-do-na-bashkohen-gjithe-shqiptaret-e-do-rrezojme-edvin-ramen\/","title":{"rendered":"Berisha i jep zem\u00ebr demokrat\u00ebve: Protesta e 7 korrikut n\u00eb koalicion me forcat e tjera opozitare, do na bashkohen gjith\u00eb shqiptar\u00ebt e do rr\u00ebzojm\u00eb Edvin Ram\u00ebn"},"content":{"rendered":"<p>Sali Berisha n\u00eb konferenc\u00ebn e tij p\u00ebr shtyp ka deklaruar se protesta e thirrur nga ai vet\u00eb m\u00eb 7 korrik ka nj\u00eb r\u00ebnd\u00ebsi t\u00eb madhe. Berisha njoftoi se selia blu do t\u00eb shkoj\u00eb n\u00eb koalicion m\u00eb forcat politike opozitare parlamentare dhe joparlamentare.<\/p>\n<p>\u201cRoli i PD-s\u00eb \u00ebsht\u00eb p\u00ebrcaktues n\u00eb organizim, por selia blu shkon n\u00eb protest\u00eb me nj\u00eb koalicion t\u00eb gjer\u00eb me shoq\u00ebrin\u00eb civile dhe forca politike parlamentare dhe jo parlamentare, u shpreh ai.<\/p>\n<p>Thirrja fillestare p\u00ebr protest\u00ebn u b\u00eb nga Berisha n\u00eb oborrin e Kuvendit. Asokohe, ai ftoi gjith\u00eb qytetar\u00ebt shqiptar\u00eb p\u00ebr t\u00eb marr\u00eb pjes\u00eb n\u00eb \u201cprotest\u00ebn madh\u00ebshtor\u00eb\u201d n\u00eb or\u00ebn 19:00.<\/p>\n<p>Kjo nuk \u00ebsht\u00eb nj\u00eb protest\u00eb vet\u00ebm e PD-s\u00eb. \u00cbsht\u00eb nj\u00eb protest\u00eb e shoq\u00ebris\u00eb civile, vijoi ai. Nd\u00ebrkoh\u00eb po at\u00eb dit\u00eb mazhoranca do t\u00eb miratoj\u00eb nj\u00eb rezolut\u00eb kund\u00ebr gjenocidit serb n\u00eb Bosnj\u00eb.<\/p>\n<p>Kryetari i grupit Parlamentar t\u00eb Partis\u00eb Socialiste, Taulant Balla, e cil\u00ebsoi kreun demokrat, Sali Berisha si bashk\u00ebpun\u00ebtor t\u00eb ish-presidentit serb Sllobodan Milloshevi\u00e7it, pasi ai b\u00ebri thirrje p\u00ebr protesta, nd\u00ebrsa kjo dat\u00eb sh\u00ebnjon edhe gjenocidin serb n\u00eb Srebrenic\u00eb.<\/p>","protected":false},"excerpt":{"rendered":"<p>Sali Berisha n\u00eb konferenc\u00ebn e tij p\u00ebr shtyp ka deklaruar se protesta e thirrur nga ai vet\u00eb m\u00eb 7 korrik ka nj\u00eb r\u00ebnd\u00ebsi t\u00eb madhe. Berisha njoftoi se selia blu do t\u00eb shkoj\u00eb n\u00eb koalicion m\u00eb forcat politike opozitare parlamentare dhe joparlamentare. \u201cRoli i PD-s\u00eb \u00ebsht\u00eb p\u00ebrcaktues n\u00eb organizim, por selia blu shkon n\u00eb protest\u00eb [&hellip;]<\/p>\n","protected":false},"author":2020,"featured_media":266860,"comment_status":"closed","ping_status":"closed","sticky":false,"template":"","format":"standard","meta":{"footnotes":""},"categories":[241,5380,231],"tags":[],"class_list":{"0":"post-266855","1":"post","2":"type-post","3":"status-publish","4":"format-standard","5":"has-post-thumbnail","7":"category-aktualitet","8":"category-kryesore","9":"category-lajme"},"_links":{"self":[{"href":"https:\/\/zjarr.tv\/en\/wp-json\/wp\/v2\/posts\/266855","targetHints":{"allow":["GET"]}}],"collection":[{"href":"https:\/\/zjarr.tv\/en\/wp-json\/wp\/v2\/posts"}],"about":[{"href":"https:\/\/zjarr.tv\/en\/wp-json\/wp\/v2\/types\/post"}],"author":[{"embeddable":true,"href":"https:\/\/zjarr.tv\/en\/wp-json\/wp\/v2\/users\/2020"}],"replies":[{"embeddable":true,"href":"https:\/\/zjarr.tv\/en\/wp-json\/wp\/v2\/comments?post=266855"}],"version-history":[{"count":0,"href":"https:\/\/zjarr.tv\/en\/wp-json\/wp\/v2\/posts\/266855\/revisions"}],"wp:featuredmedia":[{"embeddable":true,"href":"https:\/\/zjarr.tv\/en\/wp-json\/wp\/v2\/media\/266860"}],"wp:attachment":[{"href":"https:\/\/zjarr.tv\/en\/wp-json\/wp\/v2\/media?parent=266855"}],"wp:term":[{"taxonomy":"category","embeddable":true,"href":"https:\/\/zjarr.tv\/en\/wp-json\/wp\/v2\/categories?post=266855"},{"taxonomy":"post_tag","embeddable":true,"href":"https:\/\/zjarr.tv\/en\/wp-json\/wp\/v2\/tags?post=266855"}],"curies":[{"name":"wp","href":"https:\/\/api.w.org\/{rel}","templated":true}]}}