{"id":266856,"date":"2022-06-28T14:36:03","date_gmt":"2022-06-28T12:36:03","guid":{"rendered":"https:\/\/zjarr.tv\/?p=266856"},"modified":"2022-06-28T14:36:03","modified_gmt":"2022-06-28T12:36:03","slug":"goditi-me-filxhan-opoziten-reagon-deputeti-shqiptar-u-provokova-skena-te-tilla-jane-te-shemtuara","status":"publish","type":"post","link":"https:\/\/zjarr.tv\/en\/goditi-me-filxhan-opoziten-reagon-deputeti-shqiptar-u-provokova-skena-te-tilla-jane-te-shemtuara\/","title":{"rendered":"Goditi me filxhan opozit\u00ebn, reagon deputeti shqiptar: U provokova! Skena t\u00eb tilla jan\u00eb t\u00eb sh\u00ebmtuara"},"content":{"rendered":"<p>Deputeti i BDI-s\u00eb, Arb\u00ebr Ademi ka reaguar n\u00eb lidhje me incidentin q\u00eb ndodhi mbr\u00ebm\u00eb n\u00eb Kuvendin e Maqedonis\u00eb s\u00eb Veriut, n\u00eb Komisionin p\u00ebr \u00c7\u00ebshtje Evropiane. Ademi n\u00eb nerva e sip\u00ebr ka goditur me filxhanin e kafes\u00eb deputet\u00eb t\u00eb opozit\u00ebs. Ai theksoi se gjith\u00e7ka ishte provokuar nga opozita.<\/p>\n<p>\u201cN\u00eb radh\u00eb t\u00eb par\u00eb po m\u00eb vjen keq p\u00ebr ato q\u00eb ndodh\u00ebn mbr\u00ebm\u00eb n\u00eb seanc\u00ebn e Komisionit p\u00ebr \u00c7\u00ebshtje Evropiane dhe shpreh keqardhje p\u00ebr gjith\u00eb ato skena t\u00eb cilat ndodh\u00ebn t\u00eb provokuara nga opozita. Agjenda reformuese parlamentare e k\u00ebsaj qeverie duhet t\u00eb vazhdoj\u00eb, mos t\u00eb biem pre e provokimeve t\u00eb cilat jan\u00eb n\u00eb fokus t\u00eb realizimit t\u00eb agjendave t\u00eb huaja p\u00ebr destabilizim t\u00eb vendit, por edhe p\u00ebr defokusim t\u00eb qytetar\u00ebve dhe mbar\u00eb opinionit nga proceset integruese\u201d.<\/p>\n<p>Ai m\u00eb tej tregon se \u00e7ka p\u00ebrb\u00ebn ligji q\u00eb inatosi deputet\u00ebt opozitar\u00eb. \u201cLigji n\u00eb fjal\u00eb ka t\u00eb b\u00ebj\u00eb me evitimin e bllokimit t\u00eb gjyq\u00ebsorit, prokuroris\u00eb, si dhe sundimit t\u00eb s\u00eb drejt\u00ebs, gj\u00eb q\u00eb po pengohet, por po e p\u00ebrs\u00ebris se skena t\u00eb tilla jan\u00eb t\u00eb sh\u00ebmtuara dhe nuk jan\u00eb n\u00eb funksion t\u00eb interesit t\u00eb qytetar\u00ebve nuk duhet t\u00eb p\u00ebrs\u00ebriten nga opozita e as nga pushteti nuk duhet ato skena t\u00eb sh\u00ebrbejn\u00eb p\u00ebr p\u00ebrplasje n\u00eb Kuvend dhe bashk\u00ebrisht t\u2019i tejkalojm\u00eb k\u00ebto provokime dhe inate n\u00eb funksion t\u00eb mbar\u00ebvajtjes t\u00eb pun\u00ebs s\u00eb Kuvendit\u201d, -deklaroi Arb\u00ebr Ademi.<\/p>","protected":false},"excerpt":{"rendered":"<p>Deputeti i BDI-s\u00eb, Arb\u00ebr Ademi ka reaguar n\u00eb lidhje me incidentin q\u00eb ndodhi mbr\u00ebm\u00eb n\u00eb Kuvendin e Maqedonis\u00eb s\u00eb Veriut, n\u00eb Komisionin p\u00ebr \u00c7\u00ebshtje Evropiane. Ademi n\u00eb nerva e sip\u00ebr ka goditur me filxhanin e kafes\u00eb deputet\u00eb t\u00eb opozit\u00ebs. Ai theksoi se gjith\u00e7ka ishte provokuar nga opozita. \u201cN\u00eb radh\u00eb t\u00eb par\u00eb po m\u00eb vjen keq [&hellip;]<\/p>\n","protected":false},"author":2030,"featured_media":266857,"comment_status":"closed","ping_status":"closed","sticky":false,"template":"","format":"standard","meta":{"footnotes":""},"categories":[241,5380,231,1454],"tags":[],"class_list":{"0":"post-266856","1":"post","2":"type-post","3":"status-publish","4":"format-standard","5":"has-post-thumbnail","7":"category-aktualitet","8":"category-kryesore","9":"category-lajme","10":"category-politike"},"_links":{"self":[{"href":"https:\/\/zjarr.tv\/en\/wp-json\/wp\/v2\/posts\/266856","targetHints":{"allow":["GET"]}}],"collection":[{"href":"https:\/\/zjarr.tv\/en\/wp-json\/wp\/v2\/posts"}],"about":[{"href":"https:\/\/zjarr.tv\/en\/wp-json\/wp\/v2\/types\/post"}],"author":[{"embeddable":true,"href":"https:\/\/zjarr.tv\/en\/wp-json\/wp\/v2\/users\/2030"}],"replies":[{"embeddable":true,"href":"https:\/\/zjarr.tv\/en\/wp-json\/wp\/v2\/comments?post=266856"}],"version-history":[{"count":0,"href":"https:\/\/zjarr.tv\/en\/wp-json\/wp\/v2\/posts\/266856\/revisions"}],"wp:featuredmedia":[{"embeddable":true,"href":"https:\/\/zjarr.tv\/en\/wp-json\/wp\/v2\/media\/266857"}],"wp:attachment":[{"href":"https:\/\/zjarr.tv\/en\/wp-json\/wp\/v2\/media?parent=266856"}],"wp:term":[{"taxonomy":"category","embeddable":true,"href":"https:\/\/zjarr.tv\/en\/wp-json\/wp\/v2\/categories?post=266856"},{"taxonomy":"post_tag","embeddable":true,"href":"https:\/\/zjarr.tv\/en\/wp-json\/wp\/v2\/tags?post=266856"}],"curies":[{"name":"wp","href":"https:\/\/api.w.org\/{rel}","templated":true}]}}