{"id":266865,"date":"2022-06-28T15:29:06","date_gmt":"2022-06-28T13:29:06","guid":{"rendered":"https:\/\/zjarr.tv\/?p=266865"},"modified":"2022-06-28T15:29:06","modified_gmt":"2022-06-28T13:29:06","slug":"tenderat-po-i-marrin-vellezerit-e-deputeteve-te-ps-grida-duma-kritika-per-aktin-normativ-te-qeverise-8-kompani-ndertimi-me-pronare-kriminele","status":"publish","type":"post","link":"https:\/\/zjarr.tv\/en\/tenderat-po-i-marrin-vellezerit-e-deputeteve-te-ps-grida-duma-kritika-per-aktin-normativ-te-qeverise-8-kompani-ndertimi-me-pronare-kriminele\/","title":{"rendered":"\u201cTenderat po i marrin v\u00ebllez\u00ebrit e deputet\u00ebve t\u00eb PS\u201d, Grida Duma kritika p\u00ebr aktin normativ t\u00eb qeveris\u00eb: 8 kompani nd\u00ebrtimi me pronar\u00eb kriminel\u00eb"},"content":{"rendered":"<p>Deputetja e Partis\u00eb Demokratike, Grida Duma ka akuzuar qeverin\u00eb se po favorizon 8 kompani me rekorde kriminale p\u00ebrmes aktit normativ q\u00eb u jep kompensim p\u00ebr rritjen e \u00e7mimeve. Favorizimi sipas saj po b\u00ebhet p\u00ebr rreth 300 kompani n\u00eb total.<\/p>\n<p>Deputetja e PD gjithashtu hodhi akuza n\u00eb drejtim t\u00eb qeveris\u00eb duke n\u00ebnvizuar se v\u00ebllez\u00ebr t\u00eb deputet\u00ebve socialist\u00eb jan\u00eb duke p\u00ebrfituar nga parat\u00eb publike, duke marr\u00eb tender\u00eb t\u00eb ndrysh\u00ebm.<\/p>\n<p>\u201cAkti normativ mund t\u2019i drejtohet dhe Gjykat\u00ebs Kushtetuese se ka probleme t\u00eb procedur\u00ebs dhe prapa veprimit. Ai akoma nuk \u00ebsht\u00eb deklaruar n\u00eb Parlament dhe i ka nisur efektet. Ata kan\u00eb filluar ta disbursojn\u00eb t\u00eb dh\u00ebnit para, sepse Parlamenti \u00ebsht\u00eb noter p\u00ebr ta. Se do shkoj\u00eb apo jo n\u00eb gjykat\u00eb Kushtetuese do t\u00eb jet\u00eb nj\u00eb moment i dyt\u00eb. K\u00eb t\u00eb \u00e7ojm\u00eb ne n\u00eb gjykat\u00eb? Sipas t\u00eb dh\u00ebnave s\u00eb paku 8 kompani jan\u00eb n\u00ebn hetim nga prokuroria. \u00c7a do \u00e7ojm\u00eb ne n\u00eb gjykat\u00eb.<\/p>\n<p>Qeveria nuk mund t\u2019i jap\u00eb tendera kompanive q\u00eb jan\u00eb n\u00ebn hetim. Eksperti Zef Pre\u00e7i ka p\u00ebrmendur kompanin\u00eb Alesio14, qe e ka pronarin t\u00eb inkriminuar dhe merr tender\u00eb. Kush \u00ebsht\u00eb ai shqiptar q\u00eb nuk e kupton se eksponent\u00eb t\u00eb lart\u00eb dhe v\u00ebllez\u00ebr t\u00eb deputet\u00ebve t\u00eb Partis\u00eb Socialiste marrin tendera pa gar\u00eb.<\/p>\n<p>Fakti tregon se n\u00ebse n\u00eb at\u00eb list\u00eb kan\u00eb hyr\u00eb n\u00eb m\u00ebnyr\u00eb abuzive kompani q\u00eb kan\u00eb pronar\u00eb me rekorde kriminale, na l\u00ebn\u00eb ne t\u00eb drejt\u00ebn e t\u00eb menduarit se jan\u00eb favorizuar disa t\u00eb tjer\u00eb. Se fillon nj\u00eb rrug\u00eb me 20 dhe mbyllet me 50.<\/p>\n<p>Qartazi kuptohet q\u00eb \u00ebsht\u00eb nj\u00eb akt normativ q\u00eb \u00ebsht\u00eb b\u00ebr\u00eb me porosi. \u00cbsht\u00eb e pamundur p\u00ebr nj\u00eb qeveri q\u00eb nga hierarkia e halleve t\u00eb njer\u00ebzve q\u00eb duhet t\u2019u p\u00ebrgjigjet sa m\u00eb shpejt se duhet t\u00eb votohet do niste nj\u00eb paket\u00eb me ata q\u00eb jan\u00eb v\u00ebrtet\u00eb nevoj\u00eb dhe q\u00eb jan\u00eb aksioner t\u00eb v\u00ebrtet\u00eb t\u00eb pushtetit t\u00ebnd.<\/p>\n<p>Qeveria duhet t\u00eb mb\u00ebshteste me nj\u00eb paket\u00eb t\u00eb par\u00ebt qytetar\u00ebt, sepse ata nuk kan\u00eb dhjam\u00eb. Nga rritja e \u00e7mimeve qeveria ka marr\u00eb 400 milion\u00eb euro m\u00eb shum\u00eb nga qytetar\u00ebt. U ka marr\u00eb kur duhet t\u2019u jap\u00eb dhe thot\u00eb se i ka dh\u00ebn\u00eb pensionist\u00ebve 30 milek\u00eb t\u00eb vjetra. \u00cbsht\u00eb nj\u00eb turp. N\u00eb k\u00ebt\u00eb derexhe ku e kemi ne rritjen e \u00e7mimeve se ne nuk kemi as minimumin jetik.<\/p>\n<p>Krejt papritur qeveri shfaq aktin normativ nr. 10 p\u00ebr t\u00eb rimbursuar materialet e nd\u00ebrtimit p\u00ebr kompanit\u00eb e m\u00ebdha. Si \u00ebsht\u00eb e mundur ta nis\u00ebsh paket\u00ebn financiare nga kompanit\u00eb e m\u00ebdha dhe jo p\u00ebr qytetar\u00ebt q\u00eb jan\u00eb n\u00eb mbijetes\u00ebs. Pritet q\u00eb t\u00eb vijn\u00eb gjat\u00eb dit\u00ebs s\u00eb sotme. P\u00ebrfaq\u00ebsuesi i qeveris\u00eb tha se jan\u00eb 300 kompani. Ata q\u00eb kan\u00eb marr\u00eb do hyj\u00eb n\u00eb nj\u00eb procedur\u00eb tjet\u00ebr q\u00eb t\u00eb gjitha t\u00eb th\u00ebnat dhe t\u00eb path\u00ebnat na thon\u00eb se do t\u00eb jet\u00eb selektive.<\/p>\n<p>Kjo qeveri nuk ka far\u00eb m\u00eb relat\u00eb me njer\u00ebzit. K\u00ebta kan\u00eb relat\u00eb hajde t\u2019i shtypim se pastaj do na e ken\u00eb nevoj\u00ebn e do vijn\u00eb tek ne. Kjo \u00ebsht\u00eb jasht\u00eb \u00e7do kuadri ligjor. Po ke lidhur nj\u00eb kontrat\u00eb ke p\u00ebrcaktuar marzhin e riskut. Dhe un\u00eb e pyeta p\u00ebrfaq\u00ebsuesin e qeveris\u00eb, po u ul\u00ebn \u00e7mimet ti do i thoshe atij zot\u00ebris\u00eb s\u00eb kompanis\u00eb q\u00eb jan\u00eb ulur k\u00ebto \u00e7mimet dhe ti po p\u00ebrfiton m\u00eb shum\u00eb zot\u00ebri, a do na i kthesh ti ne k\u00ebto lek.<\/p>\n<p>\u00c7do kontrat\u00eb ka marzhin e riskut brenda, q\u00eb \u00ebsht\u00eb kur ata humbin por edhe kur ata p\u00ebrfitojn\u00eb m\u00eb shum\u00eb. M\u00ebnyra si po nd\u00ebrhyhet me akt normativ, duke pasur n\u00eb relacion nj\u00eb deklarat\u00eb qeverie q\u00eb shprehet n\u00eb rast emergjence\u201d, tha Grida Duma e ftuar n\u00eb rubrik\u00ebn \u201cOpinion\u201d n\u00eb News24.<\/p>\n<p>A ka di\u00e7ka q\u00eb duhet b\u00ebr\u00eb tani?<\/p>\n<p>Nga opozita, te protesta, te \u00e7uarja n\u00eb kushtetuese, te nd\u00ebrgjegj\u00ebsimi i njer\u00ebzve, te rritja e frik\u00ebs te k\u00ebto kompani q\u00eb nes\u00ebr pasnes\u00ebr do jen\u00eb objekt monitorimi. Sistemi i drejt\u00ebsis\u00eb duhet mb\u00ebshtetur dhe duhet pasur sa m\u00eb shum\u00eb pjes\u00ebmarrje n\u00eb ato struktura ku opozita ka z\u00ebrin e vet q\u00eb s\u00eb paku n\u00eb t\u00eb ardhmen t\u00eb shkaktohet frik\u00eb te drejt\u00ebsia. Atuokracia aktuale ka t\u00eb b\u00ebj\u00eb me faktin q\u00eb i kan\u00eb t\u00eb gjitha pushtetet. Pjes\u00eb e reagimit \u00ebsht\u00eb forca p\u00ebrmes protest\u00ebs.\/BW<\/p>","protected":false},"excerpt":{"rendered":"<p>Deputetja e Partis\u00eb Demokratike, Grida Duma ka akuzuar qeverin\u00eb se po favorizon 8 kompani me rekorde kriminale p\u00ebrmes aktit normativ q\u00eb u jep kompensim p\u00ebr rritjen e \u00e7mimeve. Favorizimi sipas saj po b\u00ebhet p\u00ebr rreth 300 kompani n\u00eb total. Deputetja e PD gjithashtu hodhi akuza n\u00eb drejtim t\u00eb qeveris\u00eb duke n\u00ebnvizuar se v\u00ebllez\u00ebr t\u00eb deputet\u00ebve [&hellip;]<\/p>\n","protected":false},"author":2020,"featured_media":266866,"comment_status":"closed","ping_status":"closed","sticky":false,"template":"","format":"standard","meta":{"footnotes":""},"categories":[241,5380,231],"tags":[],"class_list":{"0":"post-266865","1":"post","2":"type-post","3":"status-publish","4":"format-standard","5":"has-post-thumbnail","7":"category-aktualitet","8":"category-kryesore","9":"category-lajme"},"_links":{"self":[{"href":"https:\/\/zjarr.tv\/en\/wp-json\/wp\/v2\/posts\/266865","targetHints":{"allow":["GET"]}}],"collection":[{"href":"https:\/\/zjarr.tv\/en\/wp-json\/wp\/v2\/posts"}],"about":[{"href":"https:\/\/zjarr.tv\/en\/wp-json\/wp\/v2\/types\/post"}],"author":[{"embeddable":true,"href":"https:\/\/zjarr.tv\/en\/wp-json\/wp\/v2\/users\/2020"}],"replies":[{"embeddable":true,"href":"https:\/\/zjarr.tv\/en\/wp-json\/wp\/v2\/comments?post=266865"}],"version-history":[{"count":0,"href":"https:\/\/zjarr.tv\/en\/wp-json\/wp\/v2\/posts\/266865\/revisions"}],"wp:featuredmedia":[{"embeddable":true,"href":"https:\/\/zjarr.tv\/en\/wp-json\/wp\/v2\/media\/266866"}],"wp:attachment":[{"href":"https:\/\/zjarr.tv\/en\/wp-json\/wp\/v2\/media?parent=266865"}],"wp:term":[{"taxonomy":"category","embeddable":true,"href":"https:\/\/zjarr.tv\/en\/wp-json\/wp\/v2\/categories?post=266865"},{"taxonomy":"post_tag","embeddable":true,"href":"https:\/\/zjarr.tv\/en\/wp-json\/wp\/v2\/tags?post=266865"}],"curies":[{"name":"wp","href":"https:\/\/api.w.org\/{rel}","templated":true}]}}