{"id":266879,"date":"2022-06-28T16:13:58","date_gmt":"2022-06-28T14:13:58","guid":{"rendered":"https:\/\/zjarr.tv\/?p=266879"},"modified":"2022-06-28T16:13:58","modified_gmt":"2022-06-28T14:13:58","slug":"rama-niset-drejt-madridit-per-samitin-e-nato-s-ja-kush-e-shoqeron","status":"publish","type":"post","link":"https:\/\/zjarr.tv\/en\/rama-niset-drejt-madridit-per-samitin-e-nato-s-ja-kush-e-shoqeron\/","title":{"rendered":"Rama niset drejt Madridit p\u00ebr samitin e NATO-s, ja kush e shoq\u00ebron"},"content":{"rendered":"<p>Kryeministri, Edi Rama do t\u00eb kryesoj\u00eb delegacionin shqiptar q\u00eb do t\u00eb marr\u00eb pjes\u00eb n\u00eb punimet e Samitit t\u00eb NATO-s, i cili \u00ebsht\u00eb i pari i organizuar q\u00eb pas nisjes s\u00eb luft\u00ebs n\u00eb Ukrain\u00eb.<\/p>\n<p>Pjes\u00eb e delegacionit, jan\u00eb edhe ministrja e Jashtme, Olta Xha\u00e7ka dhe ministri i Mbrojtjes Niko Peleshi.<\/p>\n<p>\u201cMinistrja p\u00ebr Evrop\u00ebn dhe Pun\u00ebt e Jashtme, Olta Xha\u00e7ka \u00ebsht\u00eb nisur sot p\u00ebr samitin e NATO-s q\u00eb do t\u00eb mbahet n\u00eb Madrid, si pjes\u00eb e delegacionit t\u00eb kryesuar nga kryeministri Edi Rama. Ministrja Xha\u00e7ka do t\u00eb zhvilloj\u00eb takime me homolog\u00eb t\u00eb Finland\u00ebs, Holand\u00ebs dhe Norvegjis\u00eb.<\/p>\n<p>N\u00eb samit do t\u00eb diskutohen nd\u00ebr t\u00eb tjera vazhdimi i mb\u00ebshtetjes ndaj Ukrain\u00ebs p\u00ebr nj\u00eb afat m\u00eb t\u00eb gjat\u00eb, si dhe dakord\u00ebsimi mbi Konceptin Strategjik 2022\u201d, njofton ministria e Jashtme<\/p>","protected":false},"excerpt":{"rendered":"<p>Kryeministri, Edi Rama do t\u00eb kryesoj\u00eb delegacionin shqiptar q\u00eb do t\u00eb marr\u00eb pjes\u00eb n\u00eb punimet e Samitit t\u00eb NATO-s, i cili \u00ebsht\u00eb i pari i organizuar q\u00eb pas nisjes s\u00eb luft\u00ebs n\u00eb Ukrain\u00eb. Pjes\u00eb e delegacionit, jan\u00eb edhe ministrja e Jashtme, Olta Xha\u00e7ka dhe ministri i Mbrojtjes Niko Peleshi. \u201cMinistrja p\u00ebr Evrop\u00ebn dhe Pun\u00ebt e [&hellip;]<\/p>\n","protected":false},"author":2020,"featured_media":266880,"comment_status":"closed","ping_status":"closed","sticky":false,"template":"","format":"standard","meta":{"footnotes":""},"categories":[241,5380,231],"tags":[],"class_list":{"0":"post-266879","1":"post","2":"type-post","3":"status-publish","4":"format-standard","5":"has-post-thumbnail","7":"category-aktualitet","8":"category-kryesore","9":"category-lajme"},"_links":{"self":[{"href":"https:\/\/zjarr.tv\/en\/wp-json\/wp\/v2\/posts\/266879","targetHints":{"allow":["GET"]}}],"collection":[{"href":"https:\/\/zjarr.tv\/en\/wp-json\/wp\/v2\/posts"}],"about":[{"href":"https:\/\/zjarr.tv\/en\/wp-json\/wp\/v2\/types\/post"}],"author":[{"embeddable":true,"href":"https:\/\/zjarr.tv\/en\/wp-json\/wp\/v2\/users\/2020"}],"replies":[{"embeddable":true,"href":"https:\/\/zjarr.tv\/en\/wp-json\/wp\/v2\/comments?post=266879"}],"version-history":[{"count":0,"href":"https:\/\/zjarr.tv\/en\/wp-json\/wp\/v2\/posts\/266879\/revisions"}],"wp:featuredmedia":[{"embeddable":true,"href":"https:\/\/zjarr.tv\/en\/wp-json\/wp\/v2\/media\/266880"}],"wp:attachment":[{"href":"https:\/\/zjarr.tv\/en\/wp-json\/wp\/v2\/media?parent=266879"}],"wp:term":[{"taxonomy":"category","embeddable":true,"href":"https:\/\/zjarr.tv\/en\/wp-json\/wp\/v2\/categories?post=266879"},{"taxonomy":"post_tag","embeddable":true,"href":"https:\/\/zjarr.tv\/en\/wp-json\/wp\/v2\/tags?post=266879"}],"curies":[{"name":"wp","href":"https:\/\/api.w.org\/{rel}","templated":true}]}}