{"id":266897,"date":"2022-06-29T09:16:51","date_gmt":"2022-06-29T07:16:51","guid":{"rendered":"https:\/\/zjarr.tv\/?p=266897"},"modified":"2022-06-29T09:16:51","modified_gmt":"2022-06-29T07:16:51","slug":"jane-yje-pasi-vizitoi-130-vende-te-botes-blendi-fevziu-tregon-ku-ndodhen-vajzat-me-te-bukura","status":"publish","type":"post","link":"https:\/\/zjarr.tv\/en\/jane-yje-pasi-vizitoi-130-vende-te-botes-blendi-fevziu-tregon-ku-ndodhen-vajzat-me-te-bukura\/","title":{"rendered":"\u201cJan\u00eb yje\u201d, pasi vizitoi 130 vende t\u00eb bot\u00ebs Blendi Fevziu tregon ku ndodhen vajzat m\u00eb t\u00eb bukura"},"content":{"rendered":"<p>Pasi ka vizituar 130 vende t\u00eb bot\u00ebs, gazetari shqiptar, Blendi Fevziu, ka treguar se vajzat m\u00eb t\u00eb bukura mbeten ato europianet.<\/p>\n<p>Teksa u pyet se cili shtet ka vajzat m\u00eb t\u00eb bukura, Fevziu u shpreh se europian\u00ebt jan\u00eb shum\u00eb t\u00eb bukura, ku sipas gazetarit Europa e Veriut, Suedia, Danimarka i yje, nd\u00ebrsa zona veriore e Amerik\u00ebs Jugore, Kolumbia, Venezuela dhe nj\u00eb pjes\u00eb e vajzave t\u00eb Karaibeve jan\u00eb interesante.<\/p>\n<p> \u201cKam p\u00ebrshtypjen, nuk e di se nuk mund t\u2019i ndash k\u00ebshtu, por europianet jan\u00eb shum\u00eb t\u00eb bukura. Europa e veriut, Suedia, Danimarka, i ka yje. Pastaj ka shum\u00eb t\u00eb bukura n\u00eb zon\u00ebn veriore t\u00eb Amerik\u00ebs Jugore, Kolumbia, Venezuela q\u00eb jan\u00eb realisht, nj\u00eb pjes\u00eb e femrave t\u00eb Karaibeve q\u00eb jan\u00eb interesante. Natyrisht, femra t\u00eb bukura gjen n\u00eb vendet e m\u00ebdha q\u00eb i kan\u00eb t\u00eb gjitha, Shtetet e Bashkuara t\u00eb Amerik\u00ebs\u201d, u shpreh Fevziu.<\/p>\n<p>Katerina Trungu: Po Shqip\u00ebria \u00ebsht\u00eb vend i vog\u00ebl, ik\u00ebn nga lista.<\/p>\n<p>Blendi Fevziu: Shqip\u00ebria padyshim q\u00eb ka. Nuk flet dot p\u00ebr raca. Raca, \u00ebsht\u00eb ky kombinimi shum\u00eb interesant, Kuba ka femra t\u00eb bukura shum\u00eb, gjith\u00eb pjesa e Kub\u00ebs, por lidhet edhe me atmosfer\u00ebn e p\u00ebrgjithshme t\u00eb tyre.<\/p>","protected":false},"excerpt":{"rendered":"<p>Pasi ka vizituar 130 vende t\u00eb bot\u00ebs, gazetari shqiptar, Blendi Fevziu, ka treguar se vajzat m\u00eb t\u00eb bukura mbeten ato europianet. Teksa u pyet se cili shtet ka vajzat m\u00eb t\u00eb bukura, Fevziu u shpreh se europian\u00ebt jan\u00eb shum\u00eb t\u00eb bukura, ku sipas gazetarit Europa e Veriut, Suedia, Danimarka i yje, nd\u00ebrsa zona veriore e [&hellip;]<\/p>\n","protected":false},"author":2031,"featured_media":266898,"comment_status":"closed","ping_status":"closed","sticky":false,"template":"","format":"standard","meta":{"footnotes":""},"categories":[241,231,235],"tags":[],"class_list":{"0":"post-266897","1":"post","2":"type-post","3":"status-publish","4":"format-standard","5":"has-post-thumbnail","7":"category-aktualitet","8":"category-lajme","9":"category-vendi"},"_links":{"self":[{"href":"https:\/\/zjarr.tv\/en\/wp-json\/wp\/v2\/posts\/266897","targetHints":{"allow":["GET"]}}],"collection":[{"href":"https:\/\/zjarr.tv\/en\/wp-json\/wp\/v2\/posts"}],"about":[{"href":"https:\/\/zjarr.tv\/en\/wp-json\/wp\/v2\/types\/post"}],"author":[{"embeddable":true,"href":"https:\/\/zjarr.tv\/en\/wp-json\/wp\/v2\/users\/2031"}],"replies":[{"embeddable":true,"href":"https:\/\/zjarr.tv\/en\/wp-json\/wp\/v2\/comments?post=266897"}],"version-history":[{"count":0,"href":"https:\/\/zjarr.tv\/en\/wp-json\/wp\/v2\/posts\/266897\/revisions"}],"wp:featuredmedia":[{"embeddable":true,"href":"https:\/\/zjarr.tv\/en\/wp-json\/wp\/v2\/media\/266898"}],"wp:attachment":[{"href":"https:\/\/zjarr.tv\/en\/wp-json\/wp\/v2\/media?parent=266897"}],"wp:term":[{"taxonomy":"category","embeddable":true,"href":"https:\/\/zjarr.tv\/en\/wp-json\/wp\/v2\/categories?post=266897"},{"taxonomy":"post_tag","embeddable":true,"href":"https:\/\/zjarr.tv\/en\/wp-json\/wp\/v2\/tags?post=266897"}],"curies":[{"name":"wp","href":"https:\/\/api.w.org\/{rel}","templated":true}]}}