{"id":266926,"date":"2022-06-29T09:48:39","date_gmt":"2022-06-29T07:48:39","guid":{"rendered":"https:\/\/zjarr.tv\/?p=266926"},"modified":"2022-06-29T09:48:39","modified_gmt":"2022-06-29T07:48:39","slug":"kundershtuan-efektivet-gjate-kontrollit-te-lokalit-vihen-ne-pranga-kater-te-rinj-ne-fier-emrat","status":"publish","type":"post","link":"https:\/\/zjarr.tv\/en\/kundershtuan-efektivet-gjate-kontrollit-te-lokalit-vihen-ne-pranga-kater-te-rinj-ne-fier-emrat\/","title":{"rendered":"Kund\u00ebrshtuan efektiv\u00ebt gjat\u00eb kontrollit t\u00eb lokalit, vihen n\u00eb pranga kat\u00ebr t\u00eb rinj n\u00eb Fier (EMRAT)"},"content":{"rendered":"<p>Kat\u00ebr t\u00eb rinj kan\u00eb r\u00ebn\u00eb n\u00eb prangat e polciis\u00eb s\u00eb Fierit pasi kund\u00ebrshtuan punonj\u00ebsit e rendit, teksa k\u00ebta t\u00eb fundit ishin duke kryer nj\u00eb kontroll n\u00eb nj\u00eb lokal.<\/p>\n<p>Blut\u00eb b\u00ebjn\u00eb me dije se jan\u00eb arrestuar shtetasit Julian Tafa, Enerik Metaj, Albano Metaj dhe Elsi Kapaj.<\/p>\n<p>Nd\u00ebrkoh\u00eb, materialet i kaluan Prokuroris\u00eb, p\u00ebr veprime t\u00eb m\u00ebtejshme.<\/p>\n<p>NJOFTIMI I POLICIS\u00cb:<\/p>\n<p>Kund\u00ebrshtuan punonj\u00ebsit e Policis\u00eb, gjat\u00eb kryerjes s\u00eb detyr\u00ebs, vihen n\u00eb pranga 4 shtetas.<\/p>\n<p>Specialist\u00ebt p\u00ebr Hetimin e Krimit Ekonomik e Financiar n\u00eb DVP Fier arrestuan n\u00eb flagranc\u00eb, p\u00ebr vepr\u00ebn penale \u201cKund\u00ebrshtimi i punonj\u00ebsit t\u00eb policis\u00eb s\u00eb rendit publik\u201d, shtetasit J. T., 20 vje\u00e7, E. M., 23 vje\u00e7, A. M., 22 vje\u00e7 dhe E. K., 20 vje\u00e7, banues n\u00eb Fier, pasi n\u00eb nj\u00eb lokal n\u00eb bulevardin \u201cRamiz Aranitasi\u201d, 4 t\u00eb rinjt\u00eb, t\u00eb cil\u00ebt ishin klient\u00eb n\u00eb lokal, kan\u00eb kund\u00ebrshtuar punonj\u00ebsit e Drejtoris\u00eb Vendore t\u00eb Policis\u00eb Fier, t\u00eb cil\u00ebt kan\u00eb qen\u00eb duke ushtruar kontroll p\u00ebr paligjshm\u00ebri, n\u00eb k\u00ebt\u00eb subjekt.<\/p>\n<p>Materialet i kaluan Prokuroris\u00eb, p\u00ebr veprime t\u00eb m\u00ebtejshme.<\/p>","protected":false},"excerpt":{"rendered":"<p>Kat\u00ebr t\u00eb rinj kan\u00eb r\u00ebn\u00eb n\u00eb prangat e polciis\u00eb s\u00eb Fierit pasi kund\u00ebrshtuan punonj\u00ebsit e rendit, teksa k\u00ebta t\u00eb fundit ishin duke kryer nj\u00eb kontroll n\u00eb nj\u00eb lokal. Blut\u00eb b\u00ebjn\u00eb me dije se jan\u00eb arrestuar shtetasit Julian Tafa, Enerik Metaj, Albano Metaj dhe Elsi Kapaj. Nd\u00ebrkoh\u00eb, materialet i kaluan Prokuroris\u00eb, p\u00ebr veprime t\u00eb m\u00ebtejshme. NJOFTIMI [&hellip;]<\/p>\n","protected":false},"author":2031,"featured_media":0,"comment_status":"closed","ping_status":"closed","sticky":false,"template":"","format":"standard","meta":{"footnotes":""},"categories":[241,231,235],"tags":[],"class_list":{"0":"post-266926","1":"post","2":"type-post","3":"status-publish","4":"format-standard","6":"category-aktualitet","7":"category-lajme","8":"category-vendi"},"_links":{"self":[{"href":"https:\/\/zjarr.tv\/en\/wp-json\/wp\/v2\/posts\/266926","targetHints":{"allow":["GET"]}}],"collection":[{"href":"https:\/\/zjarr.tv\/en\/wp-json\/wp\/v2\/posts"}],"about":[{"href":"https:\/\/zjarr.tv\/en\/wp-json\/wp\/v2\/types\/post"}],"author":[{"embeddable":true,"href":"https:\/\/zjarr.tv\/en\/wp-json\/wp\/v2\/users\/2031"}],"replies":[{"embeddable":true,"href":"https:\/\/zjarr.tv\/en\/wp-json\/wp\/v2\/comments?post=266926"}],"version-history":[{"count":0,"href":"https:\/\/zjarr.tv\/en\/wp-json\/wp\/v2\/posts\/266926\/revisions"}],"wp:attachment":[{"href":"https:\/\/zjarr.tv\/en\/wp-json\/wp\/v2\/media?parent=266926"}],"wp:term":[{"taxonomy":"category","embeddable":true,"href":"https:\/\/zjarr.tv\/en\/wp-json\/wp\/v2\/categories?post=266926"},{"taxonomy":"post_tag","embeddable":true,"href":"https:\/\/zjarr.tv\/en\/wp-json\/wp\/v2\/tags?post=266926"}],"curies":[{"name":"wp","href":"https:\/\/api.w.org\/{rel}","templated":true}]}}