{"id":266930,"date":"2022-06-29T10:20:54","date_gmt":"2022-06-29T08:20:54","guid":{"rendered":"https:\/\/zjarr.tv\/?p=266930"},"modified":"2022-06-29T10:20:54","modified_gmt":"2022-06-29T08:20:54","slug":"shqiperia-ne-rrezik-pak-dite-larg-7-korrikut-pd-zbulon-sloganin-e-protestes-mos-thuaj-cme-duhet-mua","status":"publish","type":"post","link":"https:\/\/zjarr.tv\/en\/shqiperia-ne-rrezik-pak-dite-larg-7-korrikut-pd-zbulon-sloganin-e-protestes-mos-thuaj-cme-duhet-mua\/","title":{"rendered":"\u201cShqip\u00ebria n\u00eb rrezik\u201d, pak dit\u00eb larg 7 korrikut, PD zbulon sloganin e protest\u00ebs: Mos thuaj \u00e7\u2019m\u00eb duhet mua!"},"content":{"rendered":"<p>Teksa na ndajn\u00eb dhe pak dit\u00eb nga protesta e 7 korrikut, PD ka zbuluar edhe sloganin, \u201cShqip\u00ebria n\u00eb rrezik, mos thuaj \u00e7\u2019m\u00eb duhet mua\u201d.<\/p>\n<p>Kjo protest\u00eb \u00ebsht\u00eb thirrur nga Sali Berisha, protest\u00eb e cila \u00ebsht\u00eb e para q\u00eb nga rikthimi i ish-kryeministrit n\u00eb krye t\u00eb Partis\u00eb Demokratike.<\/p>\n<p>Berisha \u00ebsht\u00eb shprehur se shqiptar\u00ebt jan\u00eb gati t\u00eb ngrihen n\u00eb protest\u00eb kund\u00ebr Edi Ram\u00ebs dhe qeveris\u00eb s\u00eb tij p\u00ebr shum\u00eb arsye.<\/p>\n<p>Ai ka ftuar t\u00eb gjith\u00eb partit\u00eb e tjera opozitare, shoq\u00ebrit\u00eb civile duke e quajtur \u201cfront komb\u00ebtar bashkimi\u201d.<\/p>\n<p>Kriza ekonomike dhe rritja e \u00e7mimeve t\u00eb shport\u00ebs dhe karburanteve \u00ebsht\u00eb nj\u00eb nd\u00ebr arsyet e k\u00ebsaj proteste.<\/p>","protected":false},"excerpt":{"rendered":"<p>Teksa na ndajn\u00eb dhe pak dit\u00eb nga protesta e 7 korrikut, PD ka zbuluar edhe sloganin, \u201cShqip\u00ebria n\u00eb rrezik, mos thuaj \u00e7\u2019m\u00eb duhet mua\u201d. Kjo protest\u00eb \u00ebsht\u00eb thirrur nga Sali Berisha, protest\u00eb e cila \u00ebsht\u00eb e para q\u00eb nga rikthimi i ish-kryeministrit n\u00eb krye t\u00eb Partis\u00eb Demokratike. Berisha \u00ebsht\u00eb shprehur se shqiptar\u00ebt jan\u00eb gati t\u00eb [&hellip;]<\/p>\n","protected":false},"author":2031,"featured_media":266932,"comment_status":"closed","ping_status":"closed","sticky":false,"template":"","format":"standard","meta":{"footnotes":""},"categories":[1],"tags":[],"class_list":{"0":"post-266930","1":"post","2":"type-post","3":"status-publish","4":"format-standard","5":"has-post-thumbnail","7":"category-uncategorized-sq"},"_links":{"self":[{"href":"https:\/\/zjarr.tv\/en\/wp-json\/wp\/v2\/posts\/266930","targetHints":{"allow":["GET"]}}],"collection":[{"href":"https:\/\/zjarr.tv\/en\/wp-json\/wp\/v2\/posts"}],"about":[{"href":"https:\/\/zjarr.tv\/en\/wp-json\/wp\/v2\/types\/post"}],"author":[{"embeddable":true,"href":"https:\/\/zjarr.tv\/en\/wp-json\/wp\/v2\/users\/2031"}],"replies":[{"embeddable":true,"href":"https:\/\/zjarr.tv\/en\/wp-json\/wp\/v2\/comments?post=266930"}],"version-history":[{"count":0,"href":"https:\/\/zjarr.tv\/en\/wp-json\/wp\/v2\/posts\/266930\/revisions"}],"wp:featuredmedia":[{"embeddable":true,"href":"https:\/\/zjarr.tv\/en\/wp-json\/wp\/v2\/media\/266932"}],"wp:attachment":[{"href":"https:\/\/zjarr.tv\/en\/wp-json\/wp\/v2\/media?parent=266930"}],"wp:term":[{"taxonomy":"category","embeddable":true,"href":"https:\/\/zjarr.tv\/en\/wp-json\/wp\/v2\/categories?post=266930"},{"taxonomy":"post_tag","embeddable":true,"href":"https:\/\/zjarr.tv\/en\/wp-json\/wp\/v2\/tags?post=266930"}],"curies":[{"name":"wp","href":"https:\/\/api.w.org\/{rel}","templated":true}]}}