{"id":266952,"date":"2022-06-29T12:37:56","date_gmt":"2022-06-29T10:37:56","guid":{"rendered":"https:\/\/zjarr.tv\/?p=266952"},"modified":"2022-06-29T12:37:56","modified_gmt":"2022-06-29T10:37:56","slug":"lutfi-dervishi-6-policet-genjyen-2-zv-drejtoret-e-policise-genjyen-drejtori-pergjithshem-i-policise-genjeu-prokurori-genjeu-media-genjeu-kush-urdheroi-rrenen","status":"publish","type":"post","link":"https:\/\/zjarr.tv\/en\/lutfi-dervishi-6-policet-genjyen-2-zv-drejtoret-e-policise-genjyen-drejtori-pergjithshem-i-policise-genjeu-prokurori-genjeu-media-genjeu-kush-urdheroi-rrenen\/","title":{"rendered":"Lutfi Dervishi: 6 polic\u00ebt g\u00ebnjyen! 2 zv\/drejtor\u00ebt e policis\u00eb g\u00ebnjyen! Drejtori Pergjithsh\u00ebm i policis\u00eb g\u00ebnjeu! Prokurori g\u00ebnjeu! Media g\u00ebnjeu! Kush urdh\u00ebroi rren\u00ebn?"},"content":{"rendered":"<p>Gazetar\u00ebt e kronik\u00ebs, Klodiana Lala dhe Armand Bajrami, kan\u00eb hedhur akuza ndaj Policis\u00eb s\u00eb Shtetit se g\u00ebnjeu publikisht p\u00ebr ngjarjen e Elbasanit kat\u00ebr dit\u00eb para zgjedhjeve t\u00eb 25 prillit 2021, ku u vra Pjerin Xhuvani dhe u plagos\u00ebn kat\u00ebr persona t\u00eb tjera.<\/p>\n<p>Lala dhe Bajrami drejtuan gishtin nga kreu i Policis\u00eb s\u00eb Shtetit n\u00eb at\u00eb koh\u00eb, Ardi Veliu, i cili n\u00eb deklarat\u00ebn p\u00ebr media pas ngjarjes tragjike tha se \u201cN\u00eb mjetin \u201cML\u201d, pa targa, grupi hetimor nuk ka konstatuar sende t\u00eb kundraligjshme, q\u00eb mund t\u00eb p\u00ebrdoreshin p\u00ebr shit-blerje t\u00eb vot\u00ebs\u201d.<\/p>\n<p>\u201cMua m\u00eb shqet\u00ebson se p\u00ebrse, sot q\u00eb flasim, Ardi Veliu, g\u00ebnjeu? E detyruan, e b\u00ebri p\u00ebr arsye politike, p\u00ebr interesa personale, se ishte i shantazhuar nga krimi? Pse g\u00ebnjeu? Alfred Shehu \u00ebsht\u00eb sot n\u00eb SPAK, kishte nj\u00eb list\u00eb me emra. Pse g\u00ebnjyen ata?\u201d, tha Lala.<\/p>\n<p>Nd\u00ebrsa Bajrami tha se n\u00eb k\u00ebt\u00eb makin\u00eb jan\u00eb gjetur, p\u00ebrve\u00e7 dy prerjeve nga 50 euro dhe nj\u00eb prerje shqiptare 2 lek\u00eb, jan\u00eb gjetur nj\u00eb lloj blloku me emra, numra, karta identiteti, nj\u00eb dokument A4 me formular\u00eb patronazhi.<\/p>\n<p>\u201cPolicia mohoi q\u00eb kishte gjetur materiale zgjedhore. K\u00ebtu ishte pika e par\u00eb e deformimit t\u00eb ngjarjes. M\u00eb pas, mb\u00ebrrit\u00ebm te kjo situat\u00eb, q\u00eb \u00ebsht\u00eb po aq e pashpjegueshme, p\u00ebr mas\u00ebn e \u201carrestit t\u00eb sht\u00ebpis\u00eb\u201d p\u00ebr tet\u00eb zyrtar\u00ebt e policis\u00eb. Kemi t\u00eb b\u00ebjm\u00eb me nj\u00eb frym\u00eb, jo me veprime individuale. \u00cbsht\u00eb e pamundur q\u00eb 8 persona, zyrtare policie, t\u00eb mos thon\u00eb t\u00eb v\u00ebrtet\u00ebn. Mendoj se kan\u00eb qen\u00eb deklarata t\u00eb diktuara, por nuk di t\u00eb them n\u00ebse jan\u00eb b\u00ebr\u00eb me ndikim nga politika apo nga bota e krimit\u201d, tha Bajrami.\/E.T-CNA.al<\/p>\n<p>Gazetari Lutfi Dervishi ka pyetur kryeministrin Rama ne lidhje me kete:<\/p>\n<div class=\"youtube-embed\" data-video_id=\"pAfjyEIwGW0\"><iframe loading=\"lazy\" title=\"Si g\u00ebnjeu Ardi Veliu p\u00ebr ngjarjen me Xhuvanin!\" width=\"696\" height=\"392\" src=\"https:\/\/www.youtube.com\/embed\/pAfjyEIwGW0?feature=oembed&#038;enablejsapi=1\" frameborder=\"0\" allow=\"accelerometer; autoplay; clipboard-write; encrypted-media; gyroscope; picture-in-picture\" allowfullscreen><\/iframe><\/div>","protected":false},"excerpt":{"rendered":"<p>Gazetar\u00ebt e kronik\u00ebs, Klodiana Lala dhe Armand Bajrami, kan\u00eb hedhur akuza ndaj Policis\u00eb s\u00eb Shtetit se g\u00ebnjeu publikisht p\u00ebr ngjarjen e Elbasanit kat\u00ebr dit\u00eb para zgjedhjeve t\u00eb 25 prillit 2021, ku u vra Pjerin Xhuvani dhe u plagos\u00ebn kat\u00ebr persona t\u00eb tjera. Lala dhe Bajrami drejtuan gishtin nga kreu i Policis\u00eb s\u00eb Shtetit n\u00eb at\u00eb [&hellip;]<\/p>\n","protected":false},"author":2031,"featured_media":266956,"comment_status":"closed","ping_status":"closed","sticky":false,"template":"","format":"standard","meta":{"footnotes":""},"categories":[241,231,235],"tags":[],"class_list":{"0":"post-266952","1":"post","2":"type-post","3":"status-publish","4":"format-standard","5":"has-post-thumbnail","7":"category-aktualitet","8":"category-lajme","9":"category-vendi"},"_links":{"self":[{"href":"https:\/\/zjarr.tv\/en\/wp-json\/wp\/v2\/posts\/266952","targetHints":{"allow":["GET"]}}],"collection":[{"href":"https:\/\/zjarr.tv\/en\/wp-json\/wp\/v2\/posts"}],"about":[{"href":"https:\/\/zjarr.tv\/en\/wp-json\/wp\/v2\/types\/post"}],"author":[{"embeddable":true,"href":"https:\/\/zjarr.tv\/en\/wp-json\/wp\/v2\/users\/2031"}],"replies":[{"embeddable":true,"href":"https:\/\/zjarr.tv\/en\/wp-json\/wp\/v2\/comments?post=266952"}],"version-history":[{"count":0,"href":"https:\/\/zjarr.tv\/en\/wp-json\/wp\/v2\/posts\/266952\/revisions"}],"wp:featuredmedia":[{"embeddable":true,"href":"https:\/\/zjarr.tv\/en\/wp-json\/wp\/v2\/media\/266956"}],"wp:attachment":[{"href":"https:\/\/zjarr.tv\/en\/wp-json\/wp\/v2\/media?parent=266952"}],"wp:term":[{"taxonomy":"category","embeddable":true,"href":"https:\/\/zjarr.tv\/en\/wp-json\/wp\/v2\/categories?post=266952"},{"taxonomy":"post_tag","embeddable":true,"href":"https:\/\/zjarr.tv\/en\/wp-json\/wp\/v2\/tags?post=266952"}],"curies":[{"name":"wp","href":"https:\/\/api.w.org\/{rel}","templated":true}]}}