{"id":266953,"date":"2022-06-29T12:28:29","date_gmt":"2022-06-29T10:28:29","guid":{"rendered":"https:\/\/zjarr.tv\/?p=266953"},"modified":"2022-06-29T12:28:29","modified_gmt":"2022-06-29T10:28:29","slug":"samiti-i-nato-s-kryeministri-rama-shtrengon-duart-me-presidentin-joe-biden","status":"publish","type":"post","link":"https:\/\/zjarr.tv\/en\/samiti-i-nato-s-kryeministri-rama-shtrengon-duart-me-presidentin-joe-biden\/","title":{"rendered":"Samiti i NATO-s, kryeministri Rama shtr\u00ebngon duart me presidentin Joe Biden"},"content":{"rendered":"<p>Kryeministri Edi Rama ndodhet n\u00eb Spanj\u00eb, pasi do t\u00eb marr\u00eb pjes\u00eb n\u00eb punimet e Samitit t\u00eb NATO-s, i cili do t\u00eb zhvillohet sot edhe nes\u00ebr n\u00eb Madrit.<\/p>\n<p>Gjat\u00eb Samiti kryeministri i vendit ton\u00eb \u00ebsht\u00eb takuar edhe me presidentin e SHBA-ve\u00a0 Joe Biden.<\/p>\n<p>Bashk\u00eb me Ram\u00ebn n\u00eb Samit do t\u00eb marrin pjes\u00eb ministrja p\u00ebr Evrop\u00ebn dhe Pun\u00ebt e Jashtme Olta Xha\u00e7ka dhe ministri i Mbrojtjes Niko Peleshi.<\/p>\n<p>Pasditen e sotme pritet q\u00eb Rama t\u00eb vizitoj\u00eb muzeun komb\u00ebtar Prado n\u00eb Madrid.<\/p>\n<p>Kreu i qeveris\u00eb do t\u00eb shoq\u00ebrohet nga bashk\u00ebshortja e tij, Linda Rama. M\u00eb pas, kreu i qeveris\u00eb do t\u00eb marr\u00eb pjes\u00eb n\u00eb dark\u00ebn e shtruar nga Pedro Sanchez.<\/p>\n<p>Dit\u00ebn e dyt\u00eb n\u00eb Madrid, Kryeministri do t\u00eb zhvilloj\u00eb nj\u00eb takim bilateral me Kryeministren e Suedis\u00eb, Magdalena Andersson dhe n\u00eb p\u00ebrfundim do t\u00eb marr\u00eb pjes\u00eb n\u00eb ceremonin\u00eb e n\u00ebnshkrimit t\u00eb marr\u00ebveshjes me Enag\u00e1s, e cila \u00ebsht\u00eb nj\u00eb kompani spanjolle energjetike.<\/p>\n<p>Kujtojm\u00eb q\u00eb mbr\u00ebmjen e s\u00eb mart\u00ebs, Rama dhe bashk\u00ebshortja e tij u prit\u00ebn n\u00eb nj\u00eb dark\u00eb zyrtare nga Mbreti dhe Mbret\u00ebresha e Spanj\u00ebs.<\/p>","protected":false},"excerpt":{"rendered":"<p>Kryeministri Edi Rama ndodhet n\u00eb Spanj\u00eb, pasi do t\u00eb marr\u00eb pjes\u00eb n\u00eb punimet e Samitit t\u00eb NATO-s, i cili do t\u00eb zhvillohet sot edhe nes\u00ebr n\u00eb Madrit. Gjat\u00eb Samiti kryeministri i vendit ton\u00eb \u00ebsht\u00eb takuar edhe me presidentin e SHBA-ve\u00a0 Joe Biden. Bashk\u00eb me Ram\u00ebn n\u00eb Samit do t\u00eb marrin pjes\u00eb ministrja p\u00ebr Evrop\u00ebn dhe [&hellip;]<\/p>\n","protected":false},"author":2020,"featured_media":266954,"comment_status":"closed","ping_status":"closed","sticky":false,"template":"","format":"standard","meta":{"footnotes":""},"categories":[241,5380,231],"tags":[],"class_list":{"0":"post-266953","1":"post","2":"type-post","3":"status-publish","4":"format-standard","5":"has-post-thumbnail","7":"category-aktualitet","8":"category-kryesore","9":"category-lajme"},"_links":{"self":[{"href":"https:\/\/zjarr.tv\/en\/wp-json\/wp\/v2\/posts\/266953","targetHints":{"allow":["GET"]}}],"collection":[{"href":"https:\/\/zjarr.tv\/en\/wp-json\/wp\/v2\/posts"}],"about":[{"href":"https:\/\/zjarr.tv\/en\/wp-json\/wp\/v2\/types\/post"}],"author":[{"embeddable":true,"href":"https:\/\/zjarr.tv\/en\/wp-json\/wp\/v2\/users\/2020"}],"replies":[{"embeddable":true,"href":"https:\/\/zjarr.tv\/en\/wp-json\/wp\/v2\/comments?post=266953"}],"version-history":[{"count":0,"href":"https:\/\/zjarr.tv\/en\/wp-json\/wp\/v2\/posts\/266953\/revisions"}],"wp:featuredmedia":[{"embeddable":true,"href":"https:\/\/zjarr.tv\/en\/wp-json\/wp\/v2\/media\/266954"}],"wp:attachment":[{"href":"https:\/\/zjarr.tv\/en\/wp-json\/wp\/v2\/media?parent=266953"}],"wp:term":[{"taxonomy":"category","embeddable":true,"href":"https:\/\/zjarr.tv\/en\/wp-json\/wp\/v2\/categories?post=266953"},{"taxonomy":"post_tag","embeddable":true,"href":"https:\/\/zjarr.tv\/en\/wp-json\/wp\/v2\/tags?post=266953"}],"curies":[{"name":"wp","href":"https:\/\/api.w.org\/{rel}","templated":true}]}}