{"id":266957,"date":"2022-06-29T12:36:58","date_gmt":"2022-06-29T10:36:58","guid":{"rendered":"https:\/\/zjarr.tv\/?p=266957"},"modified":"2022-06-29T12:36:58","modified_gmt":"2022-06-29T10:36:58","slug":"kush-jane-4-ekspertet-teknike-qe-u-propozuan-nga-ps-dhe-pd-per-reformen-territoriale","status":"publish","type":"post","link":"https:\/\/zjarr.tv\/en\/kush-jane-4-ekspertet-teknike-qe-u-propozuan-nga-ps-dhe-pd-per-reformen-territoriale\/","title":{"rendered":"Kush jan\u00eb 4 ekspert\u00ebt teknik\u00eb q\u00eb u propozuan nga PS dhe PD p\u00ebr Reform\u00ebn Territoriale"},"content":{"rendered":"<p>N\u00eb mbledhjen e sotme t\u00eb Komisionit p\u00ebr Reform\u00ebn Territoriale, pal\u00ebt politike kan\u00eb zbuluar dhe emrat e ekspert\u00ebve q\u00eb do t\u00eb asistojn\u00eb punimet.<\/p>\n<p>PS ka propozuar Adelina Farricin dhe Artan Shk\u00ebmbin, nd\u00ebrkoh\u00eb q\u00eb Dhurata \u00c7upi propozoi n\u00eb em\u00ebr t\u00eb PD-s\u00eb Agron Haxhimalin dhe Roland Bejkon n\u00eb cil\u00ebsin\u00eb e ekspert\u00ebve teknik\u00eb. Komisioni la pezull mund\u00ebsin\u00eb q\u00eb t\u00eb shtohen dhe dy ekspert\u00eb nga grupet e tjera m\u00eb t\u00eb vogla parlamentare.<\/p>\n<p>N\u00eb mbledhjen e sotme deputeti Xhelal Mziu k\u00ebrkoi q\u00eb Komisioni t\u00eb ket\u00eb edhe nj\u00eb bashk\u00ebpunim me 3 shtete t\u00eb rajonit, p\u00ebr t\u00eb par\u00eb praktikat e ndjekura prej tyre p\u00ebr ndarjen territoriale.<\/p>\n<p>\u201cReforma territoriale duhet t\u00eb gjej\u00eb modalitetin q\u00eb me Kosov\u00ebn, Maqedonin\u00eb e Veriut dhe Malin e Zi, p\u00ebr t\u00eb par\u00eb risit\u00eb e tyre n\u00eb raport me ne dhe t\u00eb mos shkojm\u00eb te shpikja e rrot\u00ebs.<\/p>\n<p>T\u00eb treja kan\u00eb risi q\u00eb jan\u00eb m\u00eb shum\u00eb se ne, por jam i sigurt q\u00eb do t\u00eb kontribuojn\u00eb maksimalisht p\u00ebr nj\u00eb reform\u00eb komplekse jo vet\u00ebm n\u00eb nj\u00eb aspekt. P\u00ebrve\u00e7 tyre, kam dhe nj\u00eb propozim tjet\u00ebr, kongresi i autoriteteve lokale evropiane \u00ebsht\u00eb nj\u00eb aktor shum\u00eb i r\u00ebnd\u00ebsish\u00ebm dhe m\u00eb shum\u00eb se ato, nuk mund t\u00eb kontribuoj\u00eb askush.<\/p>\n<p>T\u00eb gjendet mund\u00ebsia e komunikimit dhe shkuarjes tek nj\u00eb p\u00ebrfaq\u00ebsim i k\u00ebtij komisioni p\u00ebr t\u00eb marr\u00eb disa nga orientime dhe ngelem shpres\u00ebplot\u00eb q\u00eb do t\u00eb ndikoj\u00eb n\u00eb k\u00ebt\u00eb drejtim. T\u00eb b\u00ebhet nj\u00eb alternim i propozimeve dhe duke par\u00eb kontributin e tyre n\u00eb hartimin e k\u00ebtij programi\u201d, tha Mziu.<\/p>","protected":false},"excerpt":{"rendered":"<p>N\u00eb mbledhjen e sotme t\u00eb Komisionit p\u00ebr Reform\u00ebn Territoriale, pal\u00ebt politike kan\u00eb zbuluar dhe emrat e ekspert\u00ebve q\u00eb do t\u00eb asistojn\u00eb punimet. PS ka propozuar Adelina Farricin dhe Artan Shk\u00ebmbin, nd\u00ebrkoh\u00eb q\u00eb Dhurata \u00c7upi propozoi n\u00eb em\u00ebr t\u00eb PD-s\u00eb Agron Haxhimalin dhe Roland Bejkon n\u00eb cil\u00ebsin\u00eb e ekspert\u00ebve teknik\u00eb. Komisioni la pezull mund\u00ebsin\u00eb q\u00eb t\u00eb [&hellip;]<\/p>\n","protected":false},"author":2020,"featured_media":266958,"comment_status":"closed","ping_status":"closed","sticky":false,"template":"","format":"standard","meta":{"footnotes":""},"categories":[241,5380,231],"tags":[],"class_list":{"0":"post-266957","1":"post","2":"type-post","3":"status-publish","4":"format-standard","5":"has-post-thumbnail","7":"category-aktualitet","8":"category-kryesore","9":"category-lajme"},"_links":{"self":[{"href":"https:\/\/zjarr.tv\/en\/wp-json\/wp\/v2\/posts\/266957","targetHints":{"allow":["GET"]}}],"collection":[{"href":"https:\/\/zjarr.tv\/en\/wp-json\/wp\/v2\/posts"}],"about":[{"href":"https:\/\/zjarr.tv\/en\/wp-json\/wp\/v2\/types\/post"}],"author":[{"embeddable":true,"href":"https:\/\/zjarr.tv\/en\/wp-json\/wp\/v2\/users\/2020"}],"replies":[{"embeddable":true,"href":"https:\/\/zjarr.tv\/en\/wp-json\/wp\/v2\/comments?post=266957"}],"version-history":[{"count":0,"href":"https:\/\/zjarr.tv\/en\/wp-json\/wp\/v2\/posts\/266957\/revisions"}],"wp:featuredmedia":[{"embeddable":true,"href":"https:\/\/zjarr.tv\/en\/wp-json\/wp\/v2\/media\/266958"}],"wp:attachment":[{"href":"https:\/\/zjarr.tv\/en\/wp-json\/wp\/v2\/media?parent=266957"}],"wp:term":[{"taxonomy":"category","embeddable":true,"href":"https:\/\/zjarr.tv\/en\/wp-json\/wp\/v2\/categories?post=266957"},{"taxonomy":"post_tag","embeddable":true,"href":"https:\/\/zjarr.tv\/en\/wp-json\/wp\/v2\/tags?post=266957"}],"curies":[{"name":"wp","href":"https:\/\/api.w.org\/{rel}","templated":true}]}}