{"id":269696,"date":"2022-07-07T19:10:22","date_gmt":"2022-07-07T17:10:22","guid":{"rendered":"https:\/\/zjarr.tv\/?p=269696"},"modified":"2022-07-07T19:10:22","modified_gmt":"2022-07-07T17:10:22","slug":"klevis-balliu-motivon-demokratet-para-protestes-do-jete-e-jashtezakonshme-qytetaret-do-derdhen-ne-shesh","status":"publish","type":"post","link":"https:\/\/zjarr.tv\/en\/klevis-balliu-motivon-demokratet-para-protestes-do-jete-e-jashtezakonshme-qytetaret-do-derdhen-ne-shesh\/","title":{"rendered":"Klevis Balliu \u201cmotivon\u201d demokrat\u00ebt para protest\u00ebs: Do jet\u00eb e jasht\u00ebzakonshme, qytetar\u00ebt do derdhen n\u00eb shesh!"},"content":{"rendered":"<p>Klevis Balliu\u201d, shef i Organizimit n\u00eb PD, thot\u00eb se pjes\u00ebmarrja n\u00eb protest\u00ebn e sotme q\u00eb do t\u00eb nis\u00eb n\u00eb or\u00ebn 19.00 do t\u00eb jet\u00eb e jasht\u00ebzakonshme. Sipas tij, qytetar\u00ebt do t\u00eb derdhen n\u00eb shesh duke e b\u00ebr\u00eb 7 korrikun nj\u00eb dit\u00eb historike.<\/p>\n<p>\u201cKjo \u00ebsht\u00eb nj\u00eb dit\u00eb historike, opozita po zbret n\u00eb shesh. Jo vet\u00ebm strukturat e PD-s\u00eb, por edhe qytetar\u00eb q\u00eb nuk jan\u00eb pjes\u00eb e tyre, po i bashkohen protest\u00ebs. Do t\u00eb ket\u00eb nj\u00eb l\u00ebvizje nga selia blu drejt Bulevardit. Do t\u00eb ket\u00eb edhe grupe q\u00eb do t\u00eb l\u00ebvizin nga vende t\u00eb ndryshme, n\u00eb var\u00ebsi t\u00eb organizimit\u201d, u shpreh Balliu.<\/p>\n<p>Duke folur p\u00ebr Syri Tv nga selia Blu, ish-deputeti demokrat theksoi se jan\u00eb marr\u00eb masat p\u00ebr t\u00eb ndaluar \u00e7do provokim.<\/p>\n<p>\u201cKemi marr\u00eb masa p\u00ebr t\u00eb ndaluar \u00e7do provokim, k\u00ebtu nuk ka vend p\u00ebr provokime. I b\u00ebj thirrje \u00e7do qytetari t\u00eb bashkohet p\u00ebr t\u00eb mir\u00ebn e vendit ton\u00eb, p\u00ebr t\u00eb shp\u00ebtuar vendin nga kthetrat e k\u00ebtij regjimi. Nuk duhet t\u00eb q\u00ebndrojm\u00eb sot indiferent. Pjes\u00ebmarrja do t\u00eb jet\u00eb e jasht\u00ebzakonshme, qytetar\u00ebt do t\u00eb derdhen n\u00eb shesh\u201d, tha Klevis Balliu.<\/p>","protected":false},"excerpt":{"rendered":"<p>Klevis Balliu\u201d, shef i Organizimit n\u00eb PD, thot\u00eb se pjes\u00ebmarrja n\u00eb protest\u00ebn e sotme q\u00eb do t\u00eb nis\u00eb n\u00eb or\u00ebn 19.00 do t\u00eb jet\u00eb e jasht\u00ebzakonshme. Sipas tij, qytetar\u00ebt do t\u00eb derdhen n\u00eb shesh duke e b\u00ebr\u00eb 7 korrikun nj\u00eb dit\u00eb historike. \u201cKjo \u00ebsht\u00eb nj\u00eb dit\u00eb historike, opozita po zbret n\u00eb shesh. Jo vet\u00ebm strukturat [&hellip;]<\/p>\n","protected":false},"author":2030,"featured_media":269697,"comment_status":"closed","ping_status":"closed","sticky":false,"template":"","format":"standard","meta":{"footnotes":""},"categories":[241,3366,5380,231,1454],"tags":[],"class_list":{"0":"post-269696","1":"post","2":"type-post","3":"status-publish","4":"format-standard","5":"has-post-thumbnail","7":"category-aktualitet","8":"category-koment","9":"category-kryesore","10":"category-lajme","11":"category-politike"},"_links":{"self":[{"href":"https:\/\/zjarr.tv\/en\/wp-json\/wp\/v2\/posts\/269696","targetHints":{"allow":["GET"]}}],"collection":[{"href":"https:\/\/zjarr.tv\/en\/wp-json\/wp\/v2\/posts"}],"about":[{"href":"https:\/\/zjarr.tv\/en\/wp-json\/wp\/v2\/types\/post"}],"author":[{"embeddable":true,"href":"https:\/\/zjarr.tv\/en\/wp-json\/wp\/v2\/users\/2030"}],"replies":[{"embeddable":true,"href":"https:\/\/zjarr.tv\/en\/wp-json\/wp\/v2\/comments?post=269696"}],"version-history":[{"count":0,"href":"https:\/\/zjarr.tv\/en\/wp-json\/wp\/v2\/posts\/269696\/revisions"}],"wp:featuredmedia":[{"embeddable":true,"href":"https:\/\/zjarr.tv\/en\/wp-json\/wp\/v2\/media\/269697"}],"wp:attachment":[{"href":"https:\/\/zjarr.tv\/en\/wp-json\/wp\/v2\/media?parent=269696"}],"wp:term":[{"taxonomy":"category","embeddable":true,"href":"https:\/\/zjarr.tv\/en\/wp-json\/wp\/v2\/categories?post=269696"},{"taxonomy":"post_tag","embeddable":true,"href":"https:\/\/zjarr.tv\/en\/wp-json\/wp\/v2\/tags?post=269696"}],"curies":[{"name":"wp","href":"https:\/\/api.w.org\/{rel}","templated":true}]}}