{"id":269712,"date":"2022-07-07T19:25:49","date_gmt":"2022-07-07T17:25:49","guid":{"rendered":"https:\/\/zjarr.tv\/?p=269712"},"modified":"2022-07-07T19:25:49","modified_gmt":"2022-07-07T17:25:49","slug":"fotolajm-pjesemarrje-e-larte-ne-protesten-e-pd","status":"publish","type":"post","link":"https:\/\/zjarr.tv\/en\/fotolajm-pjesemarrje-e-larte-ne-protesten-e-pd\/","title":{"rendered":"FOTOLAJM: Pjes\u00ebmarrje e lart\u00eb n\u00eb protest\u00ebn e PD"},"content":{"rendered":"<p>Qindra qytetar\u00eb jan\u00eb mbledhur n\u00eb bulevardin \u201cD\u00ebshmor\u00ebt e Kombit\u201d, n\u00eb protest\u00ebn e thirrur nga kreu i PD, Sali Berisha.<\/p>\n<p>Nj\u00eb tjet\u00ebr grup protestuesish jan\u00eb mbledhur n\u00eb selin\u00eb blu dhe pritet t\u00eb nisen prej andej t\u00eb shoq\u00ebruar nga ish-kryeministri Berisha.<\/p>\n<p>N\u00eb protest\u00eb marrin pjes\u00eb dhe aleat\u00ebt e PD, si LSI, PAA e Agron Duk\u00ebs, dhe aleat\u00ebt Nard Ndoka dhe t\u00eb tjer\u00eb.<\/p>","protected":false},"excerpt":{"rendered":"<p>Qindra qytetar\u00eb jan\u00eb mbledhur n\u00eb bulevardin \u201cD\u00ebshmor\u00ebt e Kombit\u201d, n\u00eb protest\u00ebn e thirrur nga kreu i PD, Sali Berisha. Nj\u00eb tjet\u00ebr grup protestuesish jan\u00eb mbledhur n\u00eb selin\u00eb blu dhe pritet t\u00eb nisen prej andej t\u00eb shoq\u00ebruar nga ish-kryeministri Berisha. N\u00eb protest\u00eb marrin pjes\u00eb dhe aleat\u00ebt e PD, si LSI, PAA e Agron Duk\u00ebs, dhe aleat\u00ebt [&hellip;]<\/p>\n","protected":false},"author":2030,"featured_media":269713,"comment_status":"closed","ping_status":"closed","sticky":false,"template":"","format":"standard","meta":{"footnotes":""},"categories":[241,5380,231,1454],"tags":[],"class_list":{"0":"post-269712","1":"post","2":"type-post","3":"status-publish","4":"format-standard","5":"has-post-thumbnail","7":"category-aktualitet","8":"category-kryesore","9":"category-lajme","10":"category-politike"},"_links":{"self":[{"href":"https:\/\/zjarr.tv\/en\/wp-json\/wp\/v2\/posts\/269712","targetHints":{"allow":["GET"]}}],"collection":[{"href":"https:\/\/zjarr.tv\/en\/wp-json\/wp\/v2\/posts"}],"about":[{"href":"https:\/\/zjarr.tv\/en\/wp-json\/wp\/v2\/types\/post"}],"author":[{"embeddable":true,"href":"https:\/\/zjarr.tv\/en\/wp-json\/wp\/v2\/users\/2030"}],"replies":[{"embeddable":true,"href":"https:\/\/zjarr.tv\/en\/wp-json\/wp\/v2\/comments?post=269712"}],"version-history":[{"count":0,"href":"https:\/\/zjarr.tv\/en\/wp-json\/wp\/v2\/posts\/269712\/revisions"}],"wp:featuredmedia":[{"embeddable":true,"href":"https:\/\/zjarr.tv\/en\/wp-json\/wp\/v2\/media\/269713"}],"wp:attachment":[{"href":"https:\/\/zjarr.tv\/en\/wp-json\/wp\/v2\/media?parent=269712"}],"wp:term":[{"taxonomy":"category","embeddable":true,"href":"https:\/\/zjarr.tv\/en\/wp-json\/wp\/v2\/categories?post=269712"},{"taxonomy":"post_tag","embeddable":true,"href":"https:\/\/zjarr.tv\/en\/wp-json\/wp\/v2\/tags?post=269712"}],"curies":[{"name":"wp","href":"https:\/\/api.w.org\/{rel}","templated":true}]}}