{"id":272026,"date":"2022-07-17T16:18:14","date_gmt":"2022-07-17T14:18:14","guid":{"rendered":"https:\/\/zjarr.tv\/?p=272026"},"modified":"2022-07-17T16:18:14","modified_gmt":"2022-07-17T14:18:14","slug":"pse-po-heshtin-ambasadoret","status":"publish","type":"post","link":"https:\/\/zjarr.tv\/en\/pse-po-heshtin-ambasadoret\/","title":{"rendered":"Pse po heshtin ambasador\u00ebt?"},"content":{"rendered":"<p>Nga Myslim Murrizi <\/p>\n<p>U habita shum\u00eb q\u00eb nuk po shoh asnj\u00eb reagim t\u00eb k\u00ebtij \u201ckori\u201d ambasador\u00ebsh p\u00ebr lajmin m\u00eb t\u00eb MADH t\u00eb sot\u00ebm p\u00ebr votimin n\u00eb Parlamentin e Maqedonis\u00eb s\u00eb Veriut t\u00eb planit francez q\u00eb p\u00ebrfundimisht hap rrug\u00ebn p\u00ebr fillimin e bisedimeve p\u00ebr \u00e7eljen e negociatave t\u00eb pranimit t\u00eb Shqip\u00ebris\u00eb dhe Maqedonis\u00eb s\u00eb Veriut n\u00eb Bashkimin Europian. <\/p>\n<p>Reagoi Presidenti i BE, reagoi sekretari Amerikan, reagoi Kryetari i KE, reagoi Kancelari gjerman, reagoi Presidenti i Frances, reaguan kush e kush m\u00eb shpejt dhe me stilin e tyre edhe \u201cbaballar\u00ebt\u201d dhe \u201cmamallar\u00ebt\u201d e kombit shqiptar, reagoi Presidenti i Maqedonis\u00eb s\u00eb Veriut. <\/p>\n<p>\u00c7far\u00eb ka ndodhur q\u00eb nuk pash\u00eb asnj\u00eb reagim t\u00eb k\u00ebtyre q\u00eb nuk l\u00ebn\u00eb gj\u00eb pa reaguar? <\/p>\n<p>K\u00ebta kan\u00eb reaguar p\u00ebr luft\u00ebn n\u00eb Ukrain\u00eb, kan\u00eb reaguar p\u00ebr q\u00ebndrimin e Bjellorusis\u00eb, p\u00ebr ngrohjen globale, p\u00ebr zjarret n\u00eb male, p\u00ebr flak\u00ebt n\u00eb Sazan e p\u00ebr djegien e Malit t\u00eb \u00c7ik\u00ebs, kan\u00eb reaguar p\u00ebr zgjedhjet n\u00ebp\u00ebr seksione t\u00eb partive politike, kan\u00eb reaguar p\u00ebr turizmin detar, malor e fushor, p\u00ebr rakin\u00eb e fikut n\u00eb Qeparo, kan\u00eb p\u00ebrkrahur dhe reaguar fort p\u00ebr parad\u00ebn e \u201ckrenar\u00ebve\u201d m\u00eb 17 maj, kan\u00eb reaguar \u201cashp\u00ebr\u201d kur \u00ebsht\u00eb shtyr\u00eb Enkelejdi n\u00eb Foltoren e Kuvendit etj, etj. <\/p>\n<p>Madje kan\u00eb reaguar duke p\u00ebrkrahur fort SPAK-un kur ia mblodhi 8 me 2 Bektashit me dy autokombanja nga Ku\u00e7ova dhe vuri rresht 200 kryefamiljar\u00ebt e nj\u00eb fshati si \u201cd\u00ebshmitar\u00eb\u201d p\u00ebr t\u00eb zbuluar \u201ckomplotin\u201d e \u201cmadh\u201d t\u00eb \u201cpastrimit\u201c t\u00eb parave t\u00eb oligark\u00ebve rus\u00eb q\u00eb mund t\u00eb ket\u00eb b\u00ebr\u00eb Bektashi, e pothuajse p\u00ebr \u00e7do gj\u00eb \u201cmadhore\u201d q\u00eb ka ndodhur n\u00eb Shqip\u00ebri. <\/p>\n<p>Si ka mund\u00ebsi q\u00eb p\u00ebr zhbllokimin e procesit t\u00eb fillimit t\u00eb rrug\u00ebs s\u00eb an\u00ebtar\u00ebsimit n\u00eb BE nuk ka asnj\u00eb reagim? <\/p>\n<p>Po p\u00ebr 5-6 \u201coligark\u00ebt\u201d milioner\u00eb t\u00eb incenerator\u00ebve q\u00eb \u201cfshiheshin\u201d n\u00eb azile apo \u201ckamufloheshin\u201d si pastrues pallatesh si nuk pati asnj\u00eb reagim? <\/p>\n<p>Po p\u00ebr zyrtar\u00eb t\u00eb qeveris\u00eb (drejtor tatimesh, drejtor rrug\u00ebsh, drejtor i Fondit t\u00eb Zhvillimit etj) q\u00eb kan\u00eb vila n\u00eb Lond\u00ebr, qindra mij\u00ebra euro n\u00eb llogari t\u00eb pa deklaruara n\u00eb ILDKP, q\u00eb blejn\u00eb kompani 500 euro e p\u00ebr 4 muaj i shesin 600 mij\u00eb euro si ka mund\u00ebsi q\u00eb nuk pash\u00eb e nuk d\u00ebgjova t\u00eb belb\u00ebzojn\u00eb asnj\u00eb fjal\u00eb? <\/p>\n<p>Apo do ken\u00eb reaguar n\u00eb m\u00ebnyr\u00eb konfidenciale dhe nuk ka nevoj\u00eb ta b\u00ebjn\u00eb publike se ngarkohet kot opinioni, mediat, portalet me k\u00ebto \u201cvog\u00eblsira\u201d! <\/p>\n<p>Ehhhhh sa jam habitur nga kjo heshtje saq\u00eb vetem kjo k\u00ebng\u00eb me sjell n\u00eb vete.<\/p>","protected":false},"excerpt":{"rendered":"<p>Nga Myslim Murrizi U habita shum\u00eb q\u00eb nuk po shoh asnj\u00eb reagim t\u00eb k\u00ebtij \u201ckori\u201d ambasador\u00ebsh p\u00ebr lajmin m\u00eb t\u00eb MADH t\u00eb sot\u00ebm p\u00ebr votimin n\u00eb Parlamentin e Maqedonis\u00eb s\u00eb Veriut t\u00eb planit francez q\u00eb p\u00ebrfundimisht hap rrug\u00ebn p\u00ebr fillimin e bisedimeve p\u00ebr \u00e7eljen e negociatave t\u00eb pranimit t\u00eb Shqip\u00ebris\u00eb dhe Maqedonis\u00eb s\u00eb Veriut n\u00eb [&hellip;]<\/p>\n","protected":false},"author":2031,"featured_media":192347,"comment_status":"closed","ping_status":"closed","sticky":false,"template":"","format":"standard","meta":{"footnotes":""},"categories":[241,231,235],"tags":[],"class_list":{"0":"post-272026","1":"post","2":"type-post","3":"status-publish","4":"format-standard","5":"has-post-thumbnail","7":"category-aktualitet","8":"category-lajme","9":"category-vendi"},"_links":{"self":[{"href":"https:\/\/zjarr.tv\/en\/wp-json\/wp\/v2\/posts\/272026","targetHints":{"allow":["GET"]}}],"collection":[{"href":"https:\/\/zjarr.tv\/en\/wp-json\/wp\/v2\/posts"}],"about":[{"href":"https:\/\/zjarr.tv\/en\/wp-json\/wp\/v2\/types\/post"}],"author":[{"embeddable":true,"href":"https:\/\/zjarr.tv\/en\/wp-json\/wp\/v2\/users\/2031"}],"replies":[{"embeddable":true,"href":"https:\/\/zjarr.tv\/en\/wp-json\/wp\/v2\/comments?post=272026"}],"version-history":[{"count":0,"href":"https:\/\/zjarr.tv\/en\/wp-json\/wp\/v2\/posts\/272026\/revisions"}],"wp:featuredmedia":[{"embeddable":true,"href":"https:\/\/zjarr.tv\/en\/wp-json\/wp\/v2\/media\/192347"}],"wp:attachment":[{"href":"https:\/\/zjarr.tv\/en\/wp-json\/wp\/v2\/media?parent=272026"}],"wp:term":[{"taxonomy":"category","embeddable":true,"href":"https:\/\/zjarr.tv\/en\/wp-json\/wp\/v2\/categories?post=272026"},{"taxonomy":"post_tag","embeddable":true,"href":"https:\/\/zjarr.tv\/en\/wp-json\/wp\/v2\/tags?post=272026"}],"curies":[{"name":"wp","href":"https:\/\/api.w.org\/{rel}","templated":true}]}}