{"id":273334,"date":"2022-07-24T13:00:48","date_gmt":"2022-07-24T11:00:48","guid":{"rendered":"https:\/\/zjarr.tv\/?p=273334"},"modified":"2022-07-24T13:00:48","modified_gmt":"2022-07-24T11:00:48","slug":"hengshin-kokat-e-njeri-tjetrit-deputeti-sula-i-kujton-rames-deklaraten-per-kriminelet-bandat-gezojne-mbrojtjen-e-pushtetit","status":"publish","type":"post","link":"https:\/\/zjarr.tv\/en\/hengshin-kokat-e-njeri-tjetrit-deputeti-sula-i-kujton-rames-deklaraten-per-kriminelet-bandat-gezojne-mbrojtjen-e-pushtetit\/","title":{"rendered":"\u201cH\u00ebngshin kokat e nj\u00ebri-tjetrit\u201d! Deputeti Sula i kujton Ram\u00ebs deklarat\u00ebn p\u00ebr kriminel\u00ebt: Bandat g\u00ebzojn\u00eb mbrojtjen e pushtetit!"},"content":{"rendered":"<p>Deputeti demokrat, Dashnor Sula, reagon lidhur me ngjarjet e fundit kriminale t\u00eb ndodhura n\u00eb vend, nd\u00ebrsa risjell n\u00eb v\u00ebmendje deklarat\u00ebn e kryeministrit Edi Rama t\u00eb b\u00ebr\u00eb tre vite m\u00eb par\u00eb, ku thoshtet p\u00ebr kriminel\u00ebt \u201ch\u00ebngshin kokat e nj\u00ebri-tjetrit\u201d. N\u00eb postimin e tij, deputeti Sula thekson se \u201cT\u00eb fort\u00ebt, bandat g\u00ebzojn\u00eb mbrojte t\u00eb pushtetit lokal e qendror. Pikerisht prej komoditetit qe politika i ka krijuar bandave, mediat italiane shkruajn se ne shqiperi pastrohen parate e Ndragheta-s\u201d.<\/p>\n<p><strong>Postimi i deputetit:<\/strong><\/p>\n<p>\u201cHengshin kokat e nj\u00ebri-tjetrit\u201d<\/p>\n<p>Arsyen k\u00ebsaj situate kaotike t\u00eb rendit publik e shpjegon shum\u00eb qart\u00eb sinkroni i kryeministrit Rama 3 vite m\u00eb par\u00eb q\u00eb po e risjell sot.<\/p>\n<p>\u201cH\u00ebngshin kokat e nj\u00ebri-tjetrit\u201d thot kryeministri madje edhe ben nj\u00eb shprehje ne forme lutje. Domethene t\u00eb b\u00ebjn\u00eb ct\u00eb duan se nga ne nuk kan\u00eb pik\u00ebn e shqet\u00ebsimit. Mjafton q\u00eb vet\u00ebm n\u00eb koh\u00eb fushate t\u00eb jen\u00eb n\u00eb gadishn\u00ebrin\u00eb ton\u00eb. Prandaj n\u00eb reagimet e mia t\u00eb fundit kam k\u00ebrkuar nga kreu i qeveris\u00eb t\u00eb marr\u00eb masa p\u00ebr t\u00eb normalizuar rendin publik n\u00eb Shqip\u00ebri. T\u00eb fort\u00ebt, bandat g\u00ebzojn\u00eb mbrojte t\u00eb pushtetit lokal e qendror. Pikerisht prej komoditetit qe politika i ka krijuar bandave, mediat italiane shkruajn se ne shqiperi pastrohen parate e Ndragheta-s.<\/p>\n<p>Vullneti i Drejtorit t\u00eb P\u00ebrgjithsh\u00ebm t\u00eb Policis\u00eb dhe vet\u00ebm i SPAK nuk mjafton p\u00ebr t\u00eb luftuar me krimin. K\u00ebto struktura meritojn\u00eb mb\u00ebshtetje dhe duhen inkurajuar p\u00ebr rezultate bind\u00ebse kund\u00ebr krimit t\u00eb organizuar. Por sigurisht duhet patjet\u00ebr q\u00eb m\u00eb par\u00eb t\u00eb hiqet imuniteti politik q\u00eb u ofrohet atyre. Jemi n\u00eb mes t\u00eb sezonit turistik, po i trembim pushuesit t\u00eb vijn\u00eb n\u00eb Shqip\u00ebri. Veprimi duhet t\u00eb jet\u00eb i menj\u00ebhersh\u00ebm dhe t\u00eb mos b\u00ebhemi d\u00ebshmitar i d\u00ebshtimit t\u00eb turizmit n\u00eb nj\u00eb koh\u00eb q\u00eb ekonomia ka m\u00eb shum\u00eb se kurr\u00eb nevoj\u00eb p\u00ebr k\u00ebto para.<\/p>","protected":false},"excerpt":{"rendered":"<p>Deputeti demokrat, Dashnor Sula, reagon lidhur me ngjarjet e fundit kriminale t\u00eb ndodhura n\u00eb vend, nd\u00ebrsa risjell n\u00eb v\u00ebmendje deklarat\u00ebn e kryeministrit Edi Rama t\u00eb b\u00ebr\u00eb tre vite m\u00eb par\u00eb, ku thoshtet p\u00ebr kriminel\u00ebt \u201ch\u00ebngshin kokat e nj\u00ebri-tjetrit\u201d. N\u00eb postimin e tij, deputeti Sula thekson se \u201cT\u00eb fort\u00ebt, bandat g\u00ebzojn\u00eb mbrojte t\u00eb pushtetit lokal e [&hellip;]<\/p>\n","protected":false},"author":2037,"featured_media":273335,"comment_status":"closed","ping_status":"closed","sticky":false,"template":"","format":"standard","meta":{"footnotes":""},"categories":[241,364,231,1454],"tags":[],"class_list":{"0":"post-273334","1":"post","2":"type-post","3":"status-publish","4":"format-standard","5":"has-post-thumbnail","7":"category-aktualitet","8":"category-koment-opinion","9":"category-lajme","10":"category-politike"},"_links":{"self":[{"href":"https:\/\/zjarr.tv\/en\/wp-json\/wp\/v2\/posts\/273334","targetHints":{"allow":["GET"]}}],"collection":[{"href":"https:\/\/zjarr.tv\/en\/wp-json\/wp\/v2\/posts"}],"about":[{"href":"https:\/\/zjarr.tv\/en\/wp-json\/wp\/v2\/types\/post"}],"author":[{"embeddable":true,"href":"https:\/\/zjarr.tv\/en\/wp-json\/wp\/v2\/users\/2037"}],"replies":[{"embeddable":true,"href":"https:\/\/zjarr.tv\/en\/wp-json\/wp\/v2\/comments?post=273334"}],"version-history":[{"count":0,"href":"https:\/\/zjarr.tv\/en\/wp-json\/wp\/v2\/posts\/273334\/revisions"}],"wp:featuredmedia":[{"embeddable":true,"href":"https:\/\/zjarr.tv\/en\/wp-json\/wp\/v2\/media\/273335"}],"wp:attachment":[{"href":"https:\/\/zjarr.tv\/en\/wp-json\/wp\/v2\/media?parent=273334"}],"wp:term":[{"taxonomy":"category","embeddable":true,"href":"https:\/\/zjarr.tv\/en\/wp-json\/wp\/v2\/categories?post=273334"},{"taxonomy":"post_tag","embeddable":true,"href":"https:\/\/zjarr.tv\/en\/wp-json\/wp\/v2\/tags?post=273334"}],"curies":[{"name":"wp","href":"https:\/\/api.w.org\/{rel}","templated":true}]}}