{"id":273337,"date":"2022-07-24T13:11:47","date_gmt":"2022-07-24T11:11:47","guid":{"rendered":"https:\/\/zjarr.tv\/?p=273337"},"modified":"2022-07-24T13:11:47","modified_gmt":"2022-07-24T11:11:47","slug":"koka-e-inceneratoreve-leviz-i-lire-neper-tirane","status":"publish","type":"post","link":"https:\/\/zjarr.tv\/en\/koka-e-inceneratoreve-leviz-i-lire-neper-tirane\/","title":{"rendered":"&#8216;Koka e incenerator\u00ebve l\u00ebviz i lir\u00eb n\u00ebp\u00ebr Tiran\u00eb&#8217;"},"content":{"rendered":"<p>Deputeti i PD-s\u00eb Belind K\u00eblli\u00e7i ka denoncuar sot faktin q\u00eb koka e incenerator\u00ebve, Mirel M\u00ebrtiri nuk \u00ebsht\u00eb i shpallur n\u00eb k\u00ebrkim nd\u00ebrkomb\u00ebtar. Sipas K\u00eblli\u00e7it, M\u00ebrtiri n\u00eb fakt l\u00ebviz i lir\u00eb n\u00ebp\u00ebr Tiran\u00eb,\u00a0 duke vijuar pun\u00ebt e tij.<\/p>\n<p>Postimi i tij:<\/p>\n<p><em>\u2018<\/em>Nga informacionet e fundit q\u00eb kemi marr\u00eb, rezulton se Mirel M\u00ebrtiri jo vet\u00ebm nuk \u00ebsht\u00eb shpallur n\u00eb k\u00ebrkim nd\u00ebrkomb\u00ebtar, por l\u00ebviz lirsh\u00ebm dhe vijon \u2018pun\u00ebt\u2019. Skemaxhiu i incenerator\u00ebve mbrohet nga shteti si monument kulture. Drejt\u00ebsia n\u00eb gjum\u00eb! Qeveria, nga Rama tek Veliaj, e gjitha n\u00eb sh\u00ebrbim t\u00eb afer\u00ebs. Deputet\u00ebt dhe patronazhist\u00ebt e PS t\u00eb urdh\u00ebruar t\u00eb mbrojn\u00eb incenerator\u00ebt n\u00eb ekrane dhe rrjete sociale.<\/p>\n<p>Na rrofshin gratat!\u2019, shkruan deputeti i PD-s\u00eb, shkruan Belind K\u00eblli\u00e7i n\u00eb Favebook.<\/p>","protected":false},"excerpt":{"rendered":"<p>Deputeti i PD-s\u00eb Belind K\u00eblli\u00e7i ka denoncuar sot faktin q\u00eb koka e incenerator\u00ebve, Mirel M\u00ebrtiri nuk \u00ebsht\u00eb i shpallur n\u00eb k\u00ebrkim nd\u00ebrkomb\u00ebtar. Sipas K\u00eblli\u00e7it, M\u00ebrtiri n\u00eb fakt l\u00ebviz i lir\u00eb n\u00ebp\u00ebr Tiran\u00eb,\u00a0 duke vijuar pun\u00ebt e tij. Postimi i tij: \u2018Nga informacionet e fundit q\u00eb kemi marr\u00eb, rezulton se Mirel M\u00ebrtiri jo vet\u00ebm nuk \u00ebsht\u00eb [&hellip;]<\/p>\n","protected":false},"author":2037,"featured_media":273339,"comment_status":"closed","ping_status":"closed","sticky":false,"template":"","format":"standard","meta":{"footnotes":""},"categories":[241,364,231],"tags":[],"class_list":{"0":"post-273337","1":"post","2":"type-post","3":"status-publish","4":"format-standard","5":"has-post-thumbnail","7":"category-aktualitet","8":"category-koment-opinion","9":"category-lajme"},"_links":{"self":[{"href":"https:\/\/zjarr.tv\/en\/wp-json\/wp\/v2\/posts\/273337","targetHints":{"allow":["GET"]}}],"collection":[{"href":"https:\/\/zjarr.tv\/en\/wp-json\/wp\/v2\/posts"}],"about":[{"href":"https:\/\/zjarr.tv\/en\/wp-json\/wp\/v2\/types\/post"}],"author":[{"embeddable":true,"href":"https:\/\/zjarr.tv\/en\/wp-json\/wp\/v2\/users\/2037"}],"replies":[{"embeddable":true,"href":"https:\/\/zjarr.tv\/en\/wp-json\/wp\/v2\/comments?post=273337"}],"version-history":[{"count":0,"href":"https:\/\/zjarr.tv\/en\/wp-json\/wp\/v2\/posts\/273337\/revisions"}],"wp:featuredmedia":[{"embeddable":true,"href":"https:\/\/zjarr.tv\/en\/wp-json\/wp\/v2\/media\/273339"}],"wp:attachment":[{"href":"https:\/\/zjarr.tv\/en\/wp-json\/wp\/v2\/media?parent=273337"}],"wp:term":[{"taxonomy":"category","embeddable":true,"href":"https:\/\/zjarr.tv\/en\/wp-json\/wp\/v2\/categories?post=273337"},{"taxonomy":"post_tag","embeddable":true,"href":"https:\/\/zjarr.tv\/en\/wp-json\/wp\/v2\/tags?post=273337"}],"curies":[{"name":"wp","href":"https:\/\/api.w.org\/{rel}","templated":true}]}}