{"id":273448,"date":"2022-07-24T19:58:05","date_gmt":"2022-07-24T17:58:05","guid":{"rendered":"https:\/\/zjarr.tv\/?p=273448"},"modified":"2022-07-24T19:58:05","modified_gmt":"2022-07-24T17:58:05","slug":"bajram-begaj-betohet-si-president-cilet-jane-deputetet-e-opozites-qe-moren-pjese-emrat","status":"publish","type":"post","link":"https:\/\/zjarr.tv\/en\/bajram-begaj-betohet-si-president-cilet-jane-deputetet-e-opozites-qe-moren-pjese-emrat\/","title":{"rendered":"Bajram Begaj betohet si President, cil\u00ebt jan\u00eb deputet\u00ebt e opozit\u00ebs q\u00eb mor\u00ebn pjes\u00eb (Emrat)"},"content":{"rendered":"<p>Presidenti Bajram Begaj ka b\u00ebr\u00eb pasditen e sotme betimin n\u00eb Kuvendin e Shqip\u00ebris\u00eb si kreu i ri i shtetit.<\/p>\n<p>Begaj do t\u00eb jet\u00eb Presidenti i tet\u00eb i Republik\u00ebs s\u00eb Shqip\u00ebris\u00eb post komuniste.<\/p>\n<p>Gjat\u00eb betimit t\u00eb tij mor\u00ebn pjes\u00eb mazhoranca qeveritare, ku n\u00eb sall\u00eb ishin deputet\u00ebt e shumic\u00ebs, por edhe kryeministri Edi Rama bashk\u00eb me ministrat.<\/p>\n<p>Nd\u00ebrkoh\u00eb q\u00eb t\u00eb pranish\u00ebm n\u00eb seanc\u00eb ishin gjithashtu ish-kreu i PD, Lulzim Basha, kreu i grupit parlamentar demokrat Enkelejd Alibeaj dhe deputet\u00ebt, Bujar Leskaj, Ervin Salianji, Grida Duma, Oriola Pampuri, Xhalal Mziu, Ina Zhupa, Dhurata \u00c7upi, Ferdinand Xhaferri, Jorida Tabaku, Arb\u00ebr Agalliu, Agron Gjemarkaj.<\/p>\n<p>Gjithashtu t\u00eb pranish\u00ebm n\u00eb seanc\u00eb ishin dhe kryetarja e LSI, Monika Kryemadhi si dhe deputetja Erisa Xhixho.<\/p>","protected":false},"excerpt":{"rendered":"<p>Presidenti Bajram Begaj ka b\u00ebr\u00eb pasditen e sotme betimin n\u00eb Kuvendin e Shqip\u00ebris\u00eb si kreu i ri i shtetit. Begaj do t\u00eb jet\u00eb Presidenti i tet\u00eb i Republik\u00ebs s\u00eb Shqip\u00ebris\u00eb post komuniste. Gjat\u00eb betimit t\u00eb tij mor\u00ebn pjes\u00eb mazhoranca qeveritare, ku n\u00eb sall\u00eb ishin deputet\u00ebt e shumic\u00ebs, por edhe kryeministri Edi Rama bashk\u00eb me ministrat. [&hellip;]<\/p>\n","protected":false},"author":2030,"featured_media":273449,"comment_status":"closed","ping_status":"closed","sticky":false,"template":"","format":"standard","meta":{"footnotes":""},"categories":[241,3366,5380,231,1454],"tags":[],"class_list":{"0":"post-273448","1":"post","2":"type-post","3":"status-publish","4":"format-standard","5":"has-post-thumbnail","7":"category-aktualitet","8":"category-koment","9":"category-kryesore","10":"category-lajme","11":"category-politike"},"_links":{"self":[{"href":"https:\/\/zjarr.tv\/en\/wp-json\/wp\/v2\/posts\/273448","targetHints":{"allow":["GET"]}}],"collection":[{"href":"https:\/\/zjarr.tv\/en\/wp-json\/wp\/v2\/posts"}],"about":[{"href":"https:\/\/zjarr.tv\/en\/wp-json\/wp\/v2\/types\/post"}],"author":[{"embeddable":true,"href":"https:\/\/zjarr.tv\/en\/wp-json\/wp\/v2\/users\/2030"}],"replies":[{"embeddable":true,"href":"https:\/\/zjarr.tv\/en\/wp-json\/wp\/v2\/comments?post=273448"}],"version-history":[{"count":0,"href":"https:\/\/zjarr.tv\/en\/wp-json\/wp\/v2\/posts\/273448\/revisions"}],"wp:featuredmedia":[{"embeddable":true,"href":"https:\/\/zjarr.tv\/en\/wp-json\/wp\/v2\/media\/273449"}],"wp:attachment":[{"href":"https:\/\/zjarr.tv\/en\/wp-json\/wp\/v2\/media?parent=273448"}],"wp:term":[{"taxonomy":"category","embeddable":true,"href":"https:\/\/zjarr.tv\/en\/wp-json\/wp\/v2\/categories?post=273448"},{"taxonomy":"post_tag","embeddable":true,"href":"https:\/\/zjarr.tv\/en\/wp-json\/wp\/v2\/tags?post=273448"}],"curies":[{"name":"wp","href":"https:\/\/api.w.org\/{rel}","templated":true}]}}