{"id":273452,"date":"2022-07-24T19:59:53","date_gmt":"2022-07-24T17:59:53","guid":{"rendered":"https:\/\/zjarr.tv\/?p=273452"},"modified":"2022-07-24T19:59:53","modified_gmt":"2022-07-24T17:59:53","slug":"ina-zhupa-merr-pjese-ne-ceremonine-e-betimit-te-presidentit-respektova-kushtetuten-dhe-ligjet-e-shqiperise-nuk-doja-te","status":"publish","type":"post","link":"https:\/\/zjarr.tv\/en\/ina-zhupa-merr-pjese-ne-ceremonine-e-betimit-te-presidentit-respektova-kushtetuten-dhe-ligjet-e-shqiperise-nuk-doja-te\/","title":{"rendered":"Ina Zhupa merr pjes\u00eb n\u00eb ceremonin\u00eb e betimit t\u00eb Presidentit: Respektova Kushtetut\u00ebn dhe ligjet e Shqip\u00ebris\u00eb, nuk doja t\u00eb&#8230;"},"content":{"rendered":"<p>Deputetja e Partis\u00eb Demokratike, Ina Zhupa, ka marr\u00eb pjes\u00eb dit\u00ebn e sotme n\u00eb ceremonin\u00eb e betimit t\u00eb Presidentit t\u00eb ri t\u00eb vendit, Bajram Begaj.<\/p>\n<p>Zhupa foli edhe p\u00ebr mediat pas ceremonis\u00eb n\u00eb Kuvend duke l\u00ebn\u00eb t\u00eb kuptohet se e ka informuar kreun e selis\u00eb blu p\u00ebr vendimin e saj q\u00eb t\u00eb ishte pjes\u00eb e seanc\u00ebs s\u00eb betimit.<\/p>\n<p>\u201cPresidenti foli si garant q\u00eb do t\u00eb q\u00ebndroj\u00eb mbi pal\u00ebt politike dhe do t\u00eb jet\u00eb aty p\u00ebr t\u00eb respektuar Kushtetut\u00ebn dhe ligjet e Shqip\u00ebris\u00eb. Nga puna si deputete e kisha detyr\u00eb institucionale q\u00eb t\u00eb respektoja Kushtetut\u00ebn dhe institucionet e vendit. Shpresoj dhe jam e bindur q\u00eb Bajram Begaj do t\u00eb dekretoj qeverin\u00eb e Partis\u00eb Demokratike qoft\u00eb me zgjedhje<\/p>\n<p>\u00c7\u2019\u00ebsht\u00eb e drejta ju e keni par\u00eb deklarat\u00ebn e Partis\u00eb Demorkatike. Ajo q\u00eb ka ndodhur \u00ebsht\u00eb se PD me t\u00eb drejt\u00eb e ka cil\u00ebsuar dit\u00ebn e sotme si dit\u00ebn e vendosjes s\u00eb monizmit, sepse si\u00e7 e thash\u00eb edhe un\u00eb edhe Presidenti u vendos nga Edi Rama dhe ky \u00ebsht\u00eb fakt. Prezenca ime k\u00ebtu, nuk \u00ebsht\u00eb se kemi pasur nj\u00eb q\u00ebndrim apo mbledhje grupi, por nj\u00eb q\u00ebndrim zyrtar t\u00eb PD. Dhe gjithsecili nga deputet\u00ebt, an\u00ebtar t\u00eb k\u00ebtij grupi merr nj\u00eb vendim personal nisur edhe nga deklarata. Patjet\u00ebr q\u00eb zoti Berisha \u00ebsht\u00eb n\u00eb dijeni t\u00eb prezenc\u00ebs sime sot k\u00ebtu\u201d, tha Zhupa.<\/p>","protected":false},"excerpt":{"rendered":"<p>Deputetja e Partis\u00eb Demokratike, Ina Zhupa, ka marr\u00eb pjes\u00eb dit\u00ebn e sotme n\u00eb ceremonin\u00eb e betimit t\u00eb Presidentit t\u00eb ri t\u00eb vendit, Bajram Begaj. Zhupa foli edhe p\u00ebr mediat pas ceremonis\u00eb n\u00eb Kuvend duke l\u00ebn\u00eb t\u00eb kuptohet se e ka informuar kreun e selis\u00eb blu p\u00ebr vendimin e saj q\u00eb t\u00eb ishte pjes\u00eb e seanc\u00ebs [&hellip;]<\/p>\n","protected":false},"author":2030,"featured_media":273453,"comment_status":"closed","ping_status":"closed","sticky":false,"template":"","format":"standard","meta":{"footnotes":""},"categories":[241,5380,231,1454],"tags":[],"class_list":{"0":"post-273452","1":"post","2":"type-post","3":"status-publish","4":"format-standard","5":"has-post-thumbnail","7":"category-aktualitet","8":"category-kryesore","9":"category-lajme","10":"category-politike"},"_links":{"self":[{"href":"https:\/\/zjarr.tv\/en\/wp-json\/wp\/v2\/posts\/273452","targetHints":{"allow":["GET"]}}],"collection":[{"href":"https:\/\/zjarr.tv\/en\/wp-json\/wp\/v2\/posts"}],"about":[{"href":"https:\/\/zjarr.tv\/en\/wp-json\/wp\/v2\/types\/post"}],"author":[{"embeddable":true,"href":"https:\/\/zjarr.tv\/en\/wp-json\/wp\/v2\/users\/2030"}],"replies":[{"embeddable":true,"href":"https:\/\/zjarr.tv\/en\/wp-json\/wp\/v2\/comments?post=273452"}],"version-history":[{"count":0,"href":"https:\/\/zjarr.tv\/en\/wp-json\/wp\/v2\/posts\/273452\/revisions"}],"wp:featuredmedia":[{"embeddable":true,"href":"https:\/\/zjarr.tv\/en\/wp-json\/wp\/v2\/media\/273453"}],"wp:attachment":[{"href":"https:\/\/zjarr.tv\/en\/wp-json\/wp\/v2\/media?parent=273452"}],"wp:term":[{"taxonomy":"category","embeddable":true,"href":"https:\/\/zjarr.tv\/en\/wp-json\/wp\/v2\/categories?post=273452"},{"taxonomy":"post_tag","embeddable":true,"href":"https:\/\/zjarr.tv\/en\/wp-json\/wp\/v2\/tags?post=273452"}],"curies":[{"name":"wp","href":"https:\/\/api.w.org\/{rel}","templated":true}]}}