{"id":273460,"date":"2022-07-24T20:10:02","date_gmt":"2022-07-24T18:10:02","guid":{"rendered":"https:\/\/zjarr.tv\/?p=273460"},"modified":"2022-07-24T20:10:02","modified_gmt":"2022-07-24T18:10:02","slug":"zyrtarisht-i-ftuar-sali-berisha-i-vetmi-qe-bojkotoi-ceremonine-e-presidentit-te-ri","status":"publish","type":"post","link":"https:\/\/zjarr.tv\/en\/zyrtarisht-i-ftuar-sali-berisha-i-vetmi-qe-bojkotoi-ceremonine-e-presidentit-te-ri\/","title":{"rendered":"Zyrtarisht i ftuar, Sali Berisha i vetmi q\u00eb bojkotoi ceremonin\u00eb e presidentit t\u00eb ri"},"content":{"rendered":"<p>Ish-kryeministri Sali Berisha \u00ebsht\u00eb i vet\u00ebmi politikan q\u00eb ka bojkotuar ceremonin\u00eb e marrjes s\u00eb detyr\u00ebs s\u00eb presidentit t\u00eb ri Bajram Begaj, ndon\u00ebse ka patur ftes\u00eb zyrtare.<\/p>\n<p>Ftesa i \u00ebsht\u00eb d\u00ebrguar Berish\u00ebs nga protokolli, ashtu si\u00e7 i \u00ebsht\u00eb d\u00ebrguar edhe t\u00eb gjith\u00eb ish-president\u00ebve t\u00eb tjer\u00eb t\u00eb Republik\u00ebs.<\/p>\n<p>Megjithat\u00eb ai ka vendosur t\u00eb mos jet\u00eb i pranish\u00ebm n\u00eb ceremonin\u00eb q\u00eb po mbahet n\u00eb Presidenc\u00eb.<\/p>\n<p>Berisha me disa deputet\u00eb demokrat\u00eb bojkotuan edhe seanc\u00ebn e betimit t\u00eb Begajt n\u00eb Kuvend, ndon\u00ebse nj\u00eb pjes\u00eb e madhe e deputet\u00ebve t\u00eb tjer\u00eb t\u00eb PD-s\u00eb dhe ata t\u00eb LSI ishin t\u00eb pranish\u00ebm n\u00eb sall\u00eb.<\/p>","protected":false},"excerpt":{"rendered":"<p>Ish-kryeministri Sali Berisha \u00ebsht\u00eb i vet\u00ebmi politikan q\u00eb ka bojkotuar ceremonin\u00eb e marrjes s\u00eb detyr\u00ebs s\u00eb presidentit t\u00eb ri Bajram Begaj, ndon\u00ebse ka patur ftes\u00eb zyrtare. Ftesa i \u00ebsht\u00eb d\u00ebrguar Berish\u00ebs nga protokolli, ashtu si\u00e7 i \u00ebsht\u00eb d\u00ebrguar edhe t\u00eb gjith\u00eb ish-president\u00ebve t\u00eb tjer\u00eb t\u00eb Republik\u00ebs. Megjithat\u00eb ai ka vendosur t\u00eb mos jet\u00eb i pranish\u00ebm [&hellip;]<\/p>\n","protected":false},"author":2030,"featured_media":254632,"comment_status":"closed","ping_status":"closed","sticky":false,"template":"","format":"standard","meta":{"footnotes":""},"categories":[241,3366,5380,231,1454],"tags":[],"class_list":{"0":"post-273460","1":"post","2":"type-post","3":"status-publish","4":"format-standard","5":"has-post-thumbnail","7":"category-aktualitet","8":"category-koment","9":"category-kryesore","10":"category-lajme","11":"category-politike"},"_links":{"self":[{"href":"https:\/\/zjarr.tv\/en\/wp-json\/wp\/v2\/posts\/273460","targetHints":{"allow":["GET"]}}],"collection":[{"href":"https:\/\/zjarr.tv\/en\/wp-json\/wp\/v2\/posts"}],"about":[{"href":"https:\/\/zjarr.tv\/en\/wp-json\/wp\/v2\/types\/post"}],"author":[{"embeddable":true,"href":"https:\/\/zjarr.tv\/en\/wp-json\/wp\/v2\/users\/2030"}],"replies":[{"embeddable":true,"href":"https:\/\/zjarr.tv\/en\/wp-json\/wp\/v2\/comments?post=273460"}],"version-history":[{"count":0,"href":"https:\/\/zjarr.tv\/en\/wp-json\/wp\/v2\/posts\/273460\/revisions"}],"wp:featuredmedia":[{"embeddable":true,"href":"https:\/\/zjarr.tv\/en\/wp-json\/wp\/v2\/media\/254632"}],"wp:attachment":[{"href":"https:\/\/zjarr.tv\/en\/wp-json\/wp\/v2\/media?parent=273460"}],"wp:term":[{"taxonomy":"category","embeddable":true,"href":"https:\/\/zjarr.tv\/en\/wp-json\/wp\/v2\/categories?post=273460"},{"taxonomy":"post_tag","embeddable":true,"href":"https:\/\/zjarr.tv\/en\/wp-json\/wp\/v2\/tags?post=273460"}],"curies":[{"name":"wp","href":"https:\/\/api.w.org\/{rel}","templated":true}]}}