{"id":273467,"date":"2022-07-24T20:17:31","date_gmt":"2022-07-24T18:17:31","guid":{"rendered":"https:\/\/zjarr.tv\/?p=273467"},"modified":"2022-07-24T20:17:31","modified_gmt":"2022-07-24T18:17:31","slug":"bajram-begaj-zyrtarisht-president-shefi-i-diplomacise-se-be-josep-borrell-urime-mezi-presim-te-vazhdojme-te-ecim-perpara-vendi-ka-arritur-nje-moment","status":"publish","type":"post","link":"https:\/\/zjarr.tv\/en\/bajram-begaj-zyrtarisht-president-shefi-i-diplomacise-se-be-josep-borrell-urime-mezi-presim-te-vazhdojme-te-ecim-perpara-vendi-ka-arritur-nje-moment\/","title":{"rendered":"Bajram Begaj zyrtarisht President, shefi i Diplomacis\u00eb s\u00eb BE, Josep Borrell: Urime, mezi presim t\u00eb vazhdojm\u00eb t\u00eb ecim p\u00ebrpara, vendi ka arritur nj\u00eb moment&#8230;"},"content":{"rendered":"<p>Shefi i politik\u00ebs s\u00eb Jashtme n\u00eb Bashkimin Europian Josep Borrell ka uruar presidentin e ri Bajram Begaj pas betimit n\u00eb Kuvendin e Shqip\u00ebris\u00eb.<\/p>\n<p>Borrell shkruan se ky tashm\u00eb q\u00eb vendi ka hyr\u00eb n\u00eb rrug\u00ebn drejt BE-s\u00eb, mezi presin t\u00eb ecin p\u00ebrpara n\u00eb rrug\u00ebn e p\u00ebrbashk\u00ebt.<\/p>\n<p>\u201cUrime Bajram Begajt p\u00ebr betimin si presidenti i Shqip\u00ebris\u00eb. Mandati juaj fillon pasi vendi ka arritur nj\u00eb moment historik n\u00eb rrug\u00ebn e tij drejt BE-s\u00eb.<\/p>\n<p>Ne mezi presim t\u00eb vazhdojm\u00eb t\u00eb ecim p\u00ebrpara n\u00eb rrug\u00ebn ton\u00eb t\u00eb p\u00ebrbashk\u00ebt n\u00eb BE. S\u00eb bashku ne jemi m\u00eb t\u00eb fort\u00eb\u201d, shkruan ai.<\/p>","protected":false},"excerpt":{"rendered":"<p>Shefi i politik\u00ebs s\u00eb Jashtme n\u00eb Bashkimin Europian Josep Borrell ka uruar presidentin e ri Bajram Begaj pas betimit n\u00eb Kuvendin e Shqip\u00ebris\u00eb. Borrell shkruan se ky tashm\u00eb q\u00eb vendi ka hyr\u00eb n\u00eb rrug\u00ebn drejt BE-s\u00eb, mezi presin t\u00eb ecin p\u00ebrpara n\u00eb rrug\u00ebn e p\u00ebrbashk\u00ebt. \u201cUrime Bajram Begajt p\u00ebr betimin si presidenti i Shqip\u00ebris\u00eb. Mandati [&hellip;]<\/p>\n","protected":false},"author":2030,"featured_media":273468,"comment_status":"closed","ping_status":"closed","sticky":false,"template":"","format":"standard","meta":{"footnotes":""},"categories":[241,3366,5380,231],"tags":[],"class_list":{"0":"post-273467","1":"post","2":"type-post","3":"status-publish","4":"format-standard","5":"has-post-thumbnail","7":"category-aktualitet","8":"category-koment","9":"category-kryesore","10":"category-lajme"},"_links":{"self":[{"href":"https:\/\/zjarr.tv\/en\/wp-json\/wp\/v2\/posts\/273467","targetHints":{"allow":["GET"]}}],"collection":[{"href":"https:\/\/zjarr.tv\/en\/wp-json\/wp\/v2\/posts"}],"about":[{"href":"https:\/\/zjarr.tv\/en\/wp-json\/wp\/v2\/types\/post"}],"author":[{"embeddable":true,"href":"https:\/\/zjarr.tv\/en\/wp-json\/wp\/v2\/users\/2030"}],"replies":[{"embeddable":true,"href":"https:\/\/zjarr.tv\/en\/wp-json\/wp\/v2\/comments?post=273467"}],"version-history":[{"count":0,"href":"https:\/\/zjarr.tv\/en\/wp-json\/wp\/v2\/posts\/273467\/revisions"}],"wp:featuredmedia":[{"embeddable":true,"href":"https:\/\/zjarr.tv\/en\/wp-json\/wp\/v2\/media\/273468"}],"wp:attachment":[{"href":"https:\/\/zjarr.tv\/en\/wp-json\/wp\/v2\/media?parent=273467"}],"wp:term":[{"taxonomy":"category","embeddable":true,"href":"https:\/\/zjarr.tv\/en\/wp-json\/wp\/v2\/categories?post=273467"},{"taxonomy":"post_tag","embeddable":true,"href":"https:\/\/zjarr.tv\/en\/wp-json\/wp\/v2\/tags?post=273467"}],"curies":[{"name":"wp","href":"https:\/\/api.w.org\/{rel}","templated":true}]}}