{"id":273493,"date":"2022-07-25T08:35:32","date_gmt":"2022-07-25T06:35:32","guid":{"rendered":"https:\/\/zjarr.tv\/?p=273493"},"modified":"2022-07-25T08:35:32","modified_gmt":"2022-07-25T06:35:32","slug":"negociatat-me-be-ne-rama-shkarkon-zef-mazin-ja-kush-emerohet-ne-krye-te-negociatave","status":"publish","type":"post","link":"https:\/\/zjarr.tv\/en\/negociatat-me-be-ne-rama-shkarkon-zef-mazin-ja-kush-emerohet-ne-krye-te-negociatave\/","title":{"rendered":"Negociatat me BE-n\u00eb, Rama shkarkon Zef Mazin, ja kush em\u00ebrohet n\u00eb krye t\u00eb negociatave"},"content":{"rendered":"<p>Kjo e h\u00ebn\u00eb ka nisur me strukturim t\u00eb kabinetit qeveritar, ku kryeministri Edi Rama ka njoftuar ndryshime n\u00eb qeveri.<\/p>\n<p>Rama ka shkarkuar nga detyra Zef Mazin teksa ka em\u00ebruar kryenegociatore dhe ministre shteti pran\u00eb kryeministrit Majlinda Dhuk\u00ebn.<\/p>\n<p> \u201cFalenderoj Zef Mazin p\u00ebr kontributin n\u00eb arritjen e madhe historike t\u00eb \u00e7eljes s\u00eb negociatave; dy bashk\u00ebpun\u00ebtor\u00eb t\u00eb vlefsh\u00ebm n\u00eb nj\u00eb rrug\u00eb sfidash q\u00eb vazhdon.<\/p>\n<p>Tani q\u00eb prioriteti i Rind\u00ebrtimit ia le vendin prioritetit t\u00eb Negociatave me BE,nd\u00ebrron profili i ministrit t\u00eb Shtetit. Majlinda Dhuka,nj\u00eb profil i lart\u00eb teknik n\u00eb vend t\u00eb profilit t\u00eb lart\u00eb diplomatik t\u00eb ambasadorit Mazi, b\u00ebhet Kryenegociatore&#038; Ministre Shteti pran\u00eb kryeministrit\u201dnjofton Rama.<\/p>","protected":false},"excerpt":{"rendered":"<p>Kjo e h\u00ebn\u00eb ka nisur me strukturim t\u00eb kabinetit qeveritar, ku kryeministri Edi Rama ka njoftuar ndryshime n\u00eb qeveri. Rama ka shkarkuar nga detyra Zef Mazin teksa ka em\u00ebruar kryenegociatore dhe ministre shteti pran\u00eb kryeministrit Majlinda Dhuk\u00ebn. \u201cFalenderoj Zef Mazin p\u00ebr kontributin n\u00eb arritjen e madhe historike t\u00eb \u00e7eljes s\u00eb negociatave; dy bashk\u00ebpun\u00ebtor\u00eb t\u00eb vlefsh\u00ebm [&hellip;]<\/p>\n","protected":false},"author":2031,"featured_media":273494,"comment_status":"closed","ping_status":"closed","sticky":false,"template":"","format":"standard","meta":{"footnotes":""},"categories":[241,231,235],"tags":[],"class_list":{"0":"post-273493","1":"post","2":"type-post","3":"status-publish","4":"format-standard","5":"has-post-thumbnail","7":"category-aktualitet","8":"category-lajme","9":"category-vendi"},"_links":{"self":[{"href":"https:\/\/zjarr.tv\/en\/wp-json\/wp\/v2\/posts\/273493","targetHints":{"allow":["GET"]}}],"collection":[{"href":"https:\/\/zjarr.tv\/en\/wp-json\/wp\/v2\/posts"}],"about":[{"href":"https:\/\/zjarr.tv\/en\/wp-json\/wp\/v2\/types\/post"}],"author":[{"embeddable":true,"href":"https:\/\/zjarr.tv\/en\/wp-json\/wp\/v2\/users\/2031"}],"replies":[{"embeddable":true,"href":"https:\/\/zjarr.tv\/en\/wp-json\/wp\/v2\/comments?post=273493"}],"version-history":[{"count":0,"href":"https:\/\/zjarr.tv\/en\/wp-json\/wp\/v2\/posts\/273493\/revisions"}],"wp:featuredmedia":[{"embeddable":true,"href":"https:\/\/zjarr.tv\/en\/wp-json\/wp\/v2\/media\/273494"}],"wp:attachment":[{"href":"https:\/\/zjarr.tv\/en\/wp-json\/wp\/v2\/media?parent=273493"}],"wp:term":[{"taxonomy":"category","embeddable":true,"href":"https:\/\/zjarr.tv\/en\/wp-json\/wp\/v2\/categories?post=273493"},{"taxonomy":"post_tag","embeddable":true,"href":"https:\/\/zjarr.tv\/en\/wp-json\/wp\/v2\/tags?post=273493"}],"curies":[{"name":"wp","href":"https:\/\/api.w.org\/{rel}","templated":true}]}}