{"id":273509,"date":"2022-07-25T10:08:16","date_gmt":"2022-07-25T08:08:16","guid":{"rendered":"https:\/\/zjarr.tv\/?p=273509"},"modified":"2022-07-25T10:08:16","modified_gmt":"2022-07-25T08:08:16","slug":"rama-si-le-as-24-ore-kohe-presidentit-te-ri-bajram-begaj-gati-per-dekretin-e-pare","status":"publish","type":"post","link":"https:\/\/zjarr.tv\/en\/rama-si-le-as-24-ore-kohe-presidentit-te-ri-bajram-begaj-gati-per-dekretin-e-pare\/","title":{"rendered":"Rama si l\u00eb as 24 or\u00eb koh\u00eb presidentit t\u00eb ri, Bajram Begaj gati p\u00ebr dekretin e par\u00eb"},"content":{"rendered":"<p>Kryeministri Edi Rama m\u00ebngjesin e sot\u00ebm njoftoi dy ndryshime n\u00eb kabinetin qeveritar.<\/p>\n<p>Rama ka propozuar q\u00eb Arben Ahmetaj t\u00eb shkarkohet nga detyra si z\u00ebv\u00ebnd\u00ebskryeminist\u00ebr dhe minist\u00ebr i Shtetit p\u00ebr Rind\u00ebrtimin dhe t\u00eb em\u00ebrohet zv.kryeministre Belinda Balluku.<\/p>\n<p>Po ashtu ai ka propozuar q\u00eb t\u00eb shkakrohet nga detyra Zef Mazi dhe t\u00eb em\u00ebrohet Majlinda Dhuka ministre e Shtetit dhe kryenegoziatore.<\/p>\n<p>K\u00ebt\u00eb shkres\u00eb Rama ia ka nisur presidetit t\u00eb ri Bajram Begaj, i cili mori detyr\u00ebn pasditen e djeshme. S\u00eb pari \u00ebsht\u00eb Kuvendi q\u00eb duhet t\u00eb mblidhet s\u00ebrish n\u00eb nj\u00eb seanc\u00eb te posa\u00e7me, p\u00ebr t\u00eb miratuar ndryshimet, t\u00eb cilat m\u00eb pas do i kalohen Presidentit p\u00ebr dekretim. Dhe ky do t\u00eb jet\u00eb dekreti i par\u00eb i firmosur nga Begaj.<\/p>","protected":false},"excerpt":{"rendered":"<p>Kryeministri Edi Rama m\u00ebngjesin e sot\u00ebm njoftoi dy ndryshime n\u00eb kabinetin qeveritar. Rama ka propozuar q\u00eb Arben Ahmetaj t\u00eb shkarkohet nga detyra si z\u00ebv\u00ebnd\u00ebskryeminist\u00ebr dhe minist\u00ebr i Shtetit p\u00ebr Rind\u00ebrtimin dhe t\u00eb em\u00ebrohet zv.kryeministre Belinda Balluku. Po ashtu ai ka propozuar q\u00eb t\u00eb shkakrohet nga detyra Zef Mazi dhe t\u00eb em\u00ebrohet Majlinda Dhuka ministre e [&hellip;]<\/p>\n","protected":false},"author":2031,"featured_media":273510,"comment_status":"closed","ping_status":"closed","sticky":false,"template":"","format":"standard","meta":{"footnotes":""},"categories":[241,231,235],"tags":[],"class_list":{"0":"post-273509","1":"post","2":"type-post","3":"status-publish","4":"format-standard","5":"has-post-thumbnail","7":"category-aktualitet","8":"category-lajme","9":"category-vendi"},"_links":{"self":[{"href":"https:\/\/zjarr.tv\/en\/wp-json\/wp\/v2\/posts\/273509","targetHints":{"allow":["GET"]}}],"collection":[{"href":"https:\/\/zjarr.tv\/en\/wp-json\/wp\/v2\/posts"}],"about":[{"href":"https:\/\/zjarr.tv\/en\/wp-json\/wp\/v2\/types\/post"}],"author":[{"embeddable":true,"href":"https:\/\/zjarr.tv\/en\/wp-json\/wp\/v2\/users\/2031"}],"replies":[{"embeddable":true,"href":"https:\/\/zjarr.tv\/en\/wp-json\/wp\/v2\/comments?post=273509"}],"version-history":[{"count":0,"href":"https:\/\/zjarr.tv\/en\/wp-json\/wp\/v2\/posts\/273509\/revisions"}],"wp:featuredmedia":[{"embeddable":true,"href":"https:\/\/zjarr.tv\/en\/wp-json\/wp\/v2\/media\/273510"}],"wp:attachment":[{"href":"https:\/\/zjarr.tv\/en\/wp-json\/wp\/v2\/media?parent=273509"}],"wp:term":[{"taxonomy":"category","embeddable":true,"href":"https:\/\/zjarr.tv\/en\/wp-json\/wp\/v2\/categories?post=273509"},{"taxonomy":"post_tag","embeddable":true,"href":"https:\/\/zjarr.tv\/en\/wp-json\/wp\/v2\/tags?post=273509"}],"curies":[{"name":"wp","href":"https:\/\/api.w.org\/{rel}","templated":true}]}}