{"id":273602,"date":"2022-07-25T12:52:35","date_gmt":"2022-07-25T10:52:35","guid":{"rendered":"https:\/\/zjarr.tv\/?p=273602"},"modified":"2022-07-25T12:52:35","modified_gmt":"2022-07-25T10:52:35","slug":"privatizimi-i-kompleksit-partizani-balla-sot-ne-spak-depozitohen-prova-te-reja-te-kesaj-mega-grabitje","status":"publish","type":"post","link":"https:\/\/zjarr.tv\/en\/privatizimi-i-kompleksit-partizani-balla-sot-ne-spak-depozitohen-prova-te-reja-te-kesaj-mega-grabitje\/","title":{"rendered":"Privatizimi i kompleksit Partizani, Balla: Sot n\u00eb SPAK depozitohen prova t\u00eb reja t\u00eb k\u00ebsaj mega-grabitje"},"content":{"rendered":"<p><em>Dit\u00ebn e sotme n\u00eb SPAK do t\u00eb depozitohen prova t\u00eb reja p\u00ebr privatizimin kompleksit Partizani.<\/em><\/p>\n<p><em>Lajmin e ka b\u00ebr\u00eb t\u00eb ditur Kryetari i Grupit Parlamenrar t\u00eb Partis\u00eb Socialiste, Taulant Balla, i cili p\u00ebrmes nj\u00eb postimi n\u00eb rrjetin social facebook Balla deklaron se kush mendon se kemi hequr dor\u00eb nga akuzat tona gjat\u00eb koh\u00ebs kur ishim n\u00eb opozit\u00eb, e ka shum\u00eb gabim.<\/em><\/p>\n<p><em>Gjithashtu Balla thekson se prej vitit 2012 dhe pa asnj\u00eb nd\u00ebrprerje vit pas viti, ka denoncuar grabitjen e kompleksit Partizani, duke p\u00ebrvet\u00ebsuar nd\u00ebrtesat dhe fushat e futbollit mu n\u00eb qend\u00ebr t\u00eb Tiran\u00ebs.<\/em><\/p>\n<p><em>Postimi i plot\u00eb i Taulant Ball\u00ebs:<\/em><\/p>\n<p><em>Kush mendon se kemi hequr dor\u00eb nga akuzat tona gjat\u00eb koh\u00ebs kur ishim n\u00eb opozit\u00eb, e ka shum\u00eb gabim. Prej vitit 2012 dhe pa asnj\u00eb nd\u00ebrprerje vit pas viti, kam denoncuar grabitjen e kompleksit Partizani, duke p\u00ebrvet\u00ebsuar nd\u00ebrtesat dhe fushat e futbollit mu n\u00eb qend\u00ebr t\u00eb Tiran\u00ebs. Sot n\u00eb SPAK depozitohen prova t\u00eb reja t\u00eb k\u00ebsaj mega-grabitje. Kam shum\u00eb besim se Drejt\u00ebsia e re do t\u2019i shkoj\u00eb deri n\u00eb fund!<\/em><\/p>","protected":false},"excerpt":{"rendered":"<p>Dit\u00ebn e sotme n\u00eb SPAK do t\u00eb depozitohen prova t\u00eb reja p\u00ebr privatizimin kompleksit Partizani. Lajmin e ka b\u00ebr\u00eb t\u00eb ditur Kryetari i Grupit Parlamenrar t\u00eb Partis\u00eb Socialiste, Taulant Balla, i cili p\u00ebrmes nj\u00eb postimi n\u00eb rrjetin social facebook Balla deklaron se kush mendon se kemi hequr dor\u00eb nga akuzat tona gjat\u00eb koh\u00ebs kur ishim [&hellip;]<\/p>\n","protected":false},"author":2020,"featured_media":148749,"comment_status":"closed","ping_status":"closed","sticky":false,"template":"","format":"standard","meta":{"footnotes":""},"categories":[241,5380,231],"tags":[],"class_list":{"0":"post-273602","1":"post","2":"type-post","3":"status-publish","4":"format-standard","5":"has-post-thumbnail","7":"category-aktualitet","8":"category-kryesore","9":"category-lajme"},"_links":{"self":[{"href":"https:\/\/zjarr.tv\/en\/wp-json\/wp\/v2\/posts\/273602","targetHints":{"allow":["GET"]}}],"collection":[{"href":"https:\/\/zjarr.tv\/en\/wp-json\/wp\/v2\/posts"}],"about":[{"href":"https:\/\/zjarr.tv\/en\/wp-json\/wp\/v2\/types\/post"}],"author":[{"embeddable":true,"href":"https:\/\/zjarr.tv\/en\/wp-json\/wp\/v2\/users\/2020"}],"replies":[{"embeddable":true,"href":"https:\/\/zjarr.tv\/en\/wp-json\/wp\/v2\/comments?post=273602"}],"version-history":[{"count":0,"href":"https:\/\/zjarr.tv\/en\/wp-json\/wp\/v2\/posts\/273602\/revisions"}],"wp:featuredmedia":[{"embeddable":true,"href":"https:\/\/zjarr.tv\/en\/wp-json\/wp\/v2\/media\/148749"}],"wp:attachment":[{"href":"https:\/\/zjarr.tv\/en\/wp-json\/wp\/v2\/media?parent=273602"}],"wp:term":[{"taxonomy":"category","embeddable":true,"href":"https:\/\/zjarr.tv\/en\/wp-json\/wp\/v2\/categories?post=273602"},{"taxonomy":"post_tag","embeddable":true,"href":"https:\/\/zjarr.tv\/en\/wp-json\/wp\/v2\/tags?post=273602"}],"curies":[{"name":"wp","href":"https:\/\/api.w.org\/{rel}","templated":true}]}}