{"id":273634,"date":"2022-07-25T13:36:16","date_gmt":"2022-07-25T11:36:16","guid":{"rendered":"https:\/\/zjarr.tv\/?p=273634"},"modified":"2022-07-25T13:36:16","modified_gmt":"2022-07-25T11:36:16","slug":"berisha-belinda-balluku-eshte-nje-nder-ministret-me-te-korruptuara","status":"publish","type":"post","link":"https:\/\/zjarr.tv\/en\/berisha-belinda-balluku-eshte-nje-nder-ministret-me-te-korruptuara\/","title":{"rendered":"Berisha: Belinda Balluku \u00ebsht\u00eb nj\u00eb nd\u00ebr ministret m\u00eb t\u00eb korruptuara!"},"content":{"rendered":"<p>Ish-kryeministri Sali Berisha e ka konsideruar ministren e Infrastruktur\u00ebs Belinda Balluku si \u201cm\u00eb t\u00eb korruptuar\u00ebn n\u00eb Shqip\u00ebri\u201d.<\/p>\n<p>Berisha tha n\u00eb nj\u00eb deklartat\u00eb p\u00ebr mediat se Balluku, e cila \u00ebsht\u00eb propozuar nga Rama n\u00eb postin e zv. Kryeministrit, \u201c<em>ka nj\u00eb merit\u00eb t\u00eb vetme, ndarjen e parave t\u00eb vjedhura q\u00eb kur punon n\u00eb bashki e deri sot me Edi Ram\u00ebn\u201d.<\/em><\/p>\n<p>Sali Berisha:<em>\u00a0\u201cKush e z\u00ebvend\u00ebsoi strumbullarin e afer\u00ebs s\u00eb djeg\u00ebsve Arben Ahmetajn, ministrin m\u00eb t\u00eb korruptuar t\u00eb historive t\u00eb qeverive a po e z\u00ebvend\u00ebson ministrja m\u00eb e korruptuar n\u00eb historin\u00eb e Shqip\u00ebris\u00eb, mundet rajonit dhe Evrop\u00ebs.<\/em><\/p>\n<p><em>Ajo ka nj\u00eb merit\u00eb t\u00eb vetme, ndarjen e parave t\u00eb vjedhura q\u00eb kur punon n\u00eb bashki e deri sot me Edi Ram\u00ebn. Belinda Balluku \u00ebsht\u00eb autorja, drejton ministrin\u00eb q\u00eb nd\u00ebrton rrug\u00eb me \u00e7mime t\u00eb dhjet\u00eb 12 fishta n\u00eb krahasim me standardin evropian.\u201d<\/em><\/p>","protected":false},"excerpt":{"rendered":"<p>Ish-kryeministri Sali Berisha e ka konsideruar ministren e Infrastruktur\u00ebs Belinda Balluku si \u201cm\u00eb t\u00eb korruptuar\u00ebn n\u00eb Shqip\u00ebri\u201d. Berisha tha n\u00eb nj\u00eb deklartat\u00eb p\u00ebr mediat se Balluku, e cila \u00ebsht\u00eb propozuar nga Rama n\u00eb postin e zv. Kryeministrit, \u201cka nj\u00eb merit\u00eb t\u00eb vetme, ndarjen e parave t\u00eb vjedhura q\u00eb kur punon n\u00eb bashki e deri sot [&hellip;]<\/p>\n","protected":false},"author":2020,"featured_media":273645,"comment_status":"closed","ping_status":"closed","sticky":false,"template":"","format":"standard","meta":{"footnotes":""},"categories":[241,5380,231],"tags":[],"class_list":{"0":"post-273634","1":"post","2":"type-post","3":"status-publish","4":"format-standard","5":"has-post-thumbnail","7":"category-aktualitet","8":"category-kryesore","9":"category-lajme"},"_links":{"self":[{"href":"https:\/\/zjarr.tv\/en\/wp-json\/wp\/v2\/posts\/273634","targetHints":{"allow":["GET"]}}],"collection":[{"href":"https:\/\/zjarr.tv\/en\/wp-json\/wp\/v2\/posts"}],"about":[{"href":"https:\/\/zjarr.tv\/en\/wp-json\/wp\/v2\/types\/post"}],"author":[{"embeddable":true,"href":"https:\/\/zjarr.tv\/en\/wp-json\/wp\/v2\/users\/2020"}],"replies":[{"embeddable":true,"href":"https:\/\/zjarr.tv\/en\/wp-json\/wp\/v2\/comments?post=273634"}],"version-history":[{"count":0,"href":"https:\/\/zjarr.tv\/en\/wp-json\/wp\/v2\/posts\/273634\/revisions"}],"wp:featuredmedia":[{"embeddable":true,"href":"https:\/\/zjarr.tv\/en\/wp-json\/wp\/v2\/media\/273645"}],"wp:attachment":[{"href":"https:\/\/zjarr.tv\/en\/wp-json\/wp\/v2\/media?parent=273634"}],"wp:term":[{"taxonomy":"category","embeddable":true,"href":"https:\/\/zjarr.tv\/en\/wp-json\/wp\/v2\/categories?post=273634"},{"taxonomy":"post_tag","embeddable":true,"href":"https:\/\/zjarr.tv\/en\/wp-json\/wp\/v2\/tags?post=273634"}],"curies":[{"name":"wp","href":"https:\/\/api.w.org\/{rel}","templated":true}]}}