{"id":274283,"date":"2022-07-27T16:13:48","date_gmt":"2022-07-27T14:13:48","guid":{"rendered":"https:\/\/zjarr.tv\/?p=274283"},"modified":"2022-07-27T16:13:48","modified_gmt":"2022-07-27T14:13:48","slug":"presidenti-begaj-takon-ambasadoren-yuri-kim-i-hapim-rruge-angazhimit-ne-zhvillimin-e-miqesise-mes-dy-vendeve","status":"publish","type":"post","link":"https:\/\/zjarr.tv\/en\/presidenti-begaj-takon-ambasadoren-yuri-kim-i-hapim-rruge-angazhimit-ne-zhvillimin-e-miqesise-mes-dy-vendeve\/","title":{"rendered":"Presidenti Begaj takon ambasadoren Yuri Kim: I hapim rrug\u00eb angazhimit n\u00eb zhvillimin e miq\u00ebsis\u00eb mes dy vendeve"},"content":{"rendered":"<p>Presidenti i ri i vendit, Bajram Begaj, ka takuar ambasadoren amerikane n\u00eb Tiran\u00eb, Yuri Kim. Me an\u00eb t\u00eb nj\u00eb postimi n\u00eb Twitter, kreu i ri i shtetit u shpreh se ky takim i hap rrug\u00eb angazhimit n\u00eb zhvillimin e miq\u00ebsis\u00eb mes dy vendeve.<\/p>\n<p>\u201cPartneriteti SHBA- Shqip\u00ebri \u00ebsht\u00eb m\u00eb i vlefshmi n\u00eb forcimin e demokracis\u00eb dhe prosperitetit. Takimi i par\u00eb si President me ambasadoren amerikane n\u00eb Tiran\u00eb, Yuri Kim hap rrug\u00ebn p\u00ebr angazhim t\u00eb m\u00ebtejsh\u00ebm n\u00eb zhvillimin e miq\u00ebsis\u00eb mes dy vendeve. #krahperkrah\u201d, shkroi ai.<\/p>\n<p><img loading=\"lazy\" decoding=\"async\" class=\"alignnone size-medium wp-image-274285\" src=\"https:\/\/zjarr.tv\/wp-content\/uploads\/2022\/07\/Capture-16-255x300.png\" alt=\"\" width=\"255\" height=\"300\" srcset=\"https:\/\/zjarr.tv\/wp-content\/uploads\/2022\/07\/Capture-16-255x300.png 255w, https:\/\/zjarr.tv\/wp-content\/uploads\/2022\/07\/Capture-16-357x420.png 357w, https:\/\/zjarr.tv\/wp-content\/uploads\/2022\/07\/Capture-16.png 533w\" sizes=\"auto, (max-width: 255px) 100vw, 255px\" \/>\u00a0 \u00a0 Burimi:Faqja zyrtare n\u00eb Twitter e Presidentit Begaj<\/p>","protected":false},"excerpt":{"rendered":"<p>Presidenti i ri i vendit, Bajram Begaj, ka takuar ambasadoren amerikane n\u00eb Tiran\u00eb, Yuri Kim. Me an\u00eb t\u00eb nj\u00eb postimi n\u00eb Twitter, kreu i ri i shtetit u shpreh se ky takim i hap rrug\u00eb angazhimit n\u00eb zhvillimin e miq\u00ebsis\u00eb mes dy vendeve. \u201cPartneriteti SHBA- Shqip\u00ebri \u00ebsht\u00eb m\u00eb i vlefshmi n\u00eb forcimin e demokracis\u00eb dhe [&hellip;]<\/p>\n","protected":false},"author":2037,"featured_media":274286,"comment_status":"closed","ping_status":"closed","sticky":false,"template":"","format":"standard","meta":{"footnotes":""},"categories":[241,5380,231],"tags":[],"class_list":{"0":"post-274283","1":"post","2":"type-post","3":"status-publish","4":"format-standard","5":"has-post-thumbnail","7":"category-aktualitet","8":"category-kryesore","9":"category-lajme"},"_links":{"self":[{"href":"https:\/\/zjarr.tv\/en\/wp-json\/wp\/v2\/posts\/274283","targetHints":{"allow":["GET"]}}],"collection":[{"href":"https:\/\/zjarr.tv\/en\/wp-json\/wp\/v2\/posts"}],"about":[{"href":"https:\/\/zjarr.tv\/en\/wp-json\/wp\/v2\/types\/post"}],"author":[{"embeddable":true,"href":"https:\/\/zjarr.tv\/en\/wp-json\/wp\/v2\/users\/2037"}],"replies":[{"embeddable":true,"href":"https:\/\/zjarr.tv\/en\/wp-json\/wp\/v2\/comments?post=274283"}],"version-history":[{"count":0,"href":"https:\/\/zjarr.tv\/en\/wp-json\/wp\/v2\/posts\/274283\/revisions"}],"wp:featuredmedia":[{"embeddable":true,"href":"https:\/\/zjarr.tv\/en\/wp-json\/wp\/v2\/media\/274286"}],"wp:attachment":[{"href":"https:\/\/zjarr.tv\/en\/wp-json\/wp\/v2\/media?parent=274283"}],"wp:term":[{"taxonomy":"category","embeddable":true,"href":"https:\/\/zjarr.tv\/en\/wp-json\/wp\/v2\/categories?post=274283"},{"taxonomy":"post_tag","embeddable":true,"href":"https:\/\/zjarr.tv\/en\/wp-json\/wp\/v2\/tags?post=274283"}],"curies":[{"name":"wp","href":"https:\/\/api.w.org\/{rel}","templated":true}]}}