{"id":274638,"date":"2022-07-29T11:52:02","date_gmt":"2022-07-29T09:52:02","guid":{"rendered":"https:\/\/zjarr.tv\/?p=274638"},"modified":"2022-07-29T11:52:02","modified_gmt":"2022-07-29T09:52:02","slug":"von-der-leyen-mesazh-shqiptareve-ju-nxis-te-vazhdoni-me-kete-fryme","status":"publish","type":"post","link":"https:\/\/zjarr.tv\/en\/von-der-leyen-mesazh-shqiptareve-ju-nxis-te-vazhdoni-me-kete-fryme\/","title":{"rendered":"Von der Leyen mesazh shqiptar\u00ebve: Ju nxis t\u00eb vazhdoni me k\u00ebt\u00eb frym\u00eb"},"content":{"rendered":"<p>Presidentja e Komisionit Europian, Ursula Von der Leyen ka ndar\u00eb nj\u00eb mesazh p\u00ebr shqiptar\u00ebt p\u00ebr hapjen e negociatave me BE.<\/p>\n<p>Videomesazhi i saj u nda gjat\u00eb koncertit festiv q\u00eb u zhvillua sonte n\u00eb sheshin \u201cSk\u00ebnd\u00ebrbej\u201d.<\/p>\n<p>Gjat\u00eb fjal\u00ebs s\u00eb saj, Von Der Leyen ka uruar popullin shqiptar\u00eb p\u00ebr nisjen e negociatave dhe nxit shqiptar\u00ebt q\u00eb t\u00eb vazhdojn\u00eb me k\u00ebt\u00eb frym\u00eb.<\/p>\n<p>\u201cSa \u00e7ast prek\u00ebs dhe historik p\u00ebr Shqip\u00ebrin\u00eb dhe p\u00ebr BE-n\u00eb. Prandaj, edhe pse nuk mund t\u00eb jem me ju personalisht sonte, jam shum\u00eb e lumtur t\u00eb jem pjes\u00eb e festimeve tuaja. Mund t\u00eb jeni v\u00ebrtet\u00eb krenar\u00eb p\u00ebr at\u00eb q\u00eb keni arritur. Urime nga thell\u00ebsia e zemr\u00ebs sime. Ne m\u00eb n\u00eb fund mund\u00ebm t\u00eb nisim negociatat dhe ky \u00ebsht\u00eb para s\u00eb gjithash suksesi juaj. Fal\u00eb jush mbi t\u00eb gjitha, ju siguruat q\u00eb t\u00eb hapen negociatat, \u00e7uat n\u00eb m\u00ebnyr\u00eb t\u00eb q\u00ebndrueshme n\u00eb rrug\u00ebn e saj evropiane. Ju forcuat shtetin ligjor duke rritur luft\u00ebn kund\u00ebr korrupsionit. Nj\u00eb e ardhme e b\u00ebr\u00eb nga n\u00eb Evrop\u00eb, e b\u00ebr\u00eb nga ju.<\/p>\n<p>Ju i b\u00ebt\u00eb k\u00ebto sepse ju donit p\u00ebr t\u00eb mir\u00ebt e vendit tuaj. Sonte, dua t\u00eb ju nxis q\u00eb t\u00eb vazhdoni me k\u00ebt\u00eb frym\u00eb. \u00cbsht\u00eb plot me mund\u00ebsi p\u00ebr t\u00eb punuar s\u00eb bashku, mund\u00ebsi t\u00eb reja biznesi dhe nj\u00eb jet\u00eb m\u00eb t\u00eb mir\u00eb p\u00ebr shqiptar\u00ebt. Ju uroj nj\u00eb koncert t\u00eb mrekulluesh\u00ebm. Faleminderit\u201d,-u shpreh Von der Leyen.<\/p>","protected":false},"excerpt":{"rendered":"<p>Presidentja e Komisionit Europian, Ursula Von der Leyen ka ndar\u00eb nj\u00eb mesazh p\u00ebr shqiptar\u00ebt p\u00ebr hapjen e negociatave me BE. Videomesazhi i saj u nda gjat\u00eb koncertit festiv q\u00eb u zhvillua sonte n\u00eb sheshin \u201cSk\u00ebnd\u00ebrbej\u201d. Gjat\u00eb fjal\u00ebs s\u00eb saj, Von Der Leyen ka uruar popullin shqiptar\u00eb p\u00ebr nisjen e negociatave dhe nxit shqiptar\u00ebt q\u00eb t\u00eb [&hellip;]<\/p>\n","protected":false},"author":2020,"featured_media":274639,"comment_status":"closed","ping_status":"closed","sticky":false,"template":"","format":"standard","meta":{"footnotes":""},"categories":[241,5380,231],"tags":[],"class_list":{"0":"post-274638","1":"post","2":"type-post","3":"status-publish","4":"format-standard","5":"has-post-thumbnail","7":"category-aktualitet","8":"category-kryesore","9":"category-lajme"},"_links":{"self":[{"href":"https:\/\/zjarr.tv\/en\/wp-json\/wp\/v2\/posts\/274638","targetHints":{"allow":["GET"]}}],"collection":[{"href":"https:\/\/zjarr.tv\/en\/wp-json\/wp\/v2\/posts"}],"about":[{"href":"https:\/\/zjarr.tv\/en\/wp-json\/wp\/v2\/types\/post"}],"author":[{"embeddable":true,"href":"https:\/\/zjarr.tv\/en\/wp-json\/wp\/v2\/users\/2020"}],"replies":[{"embeddable":true,"href":"https:\/\/zjarr.tv\/en\/wp-json\/wp\/v2\/comments?post=274638"}],"version-history":[{"count":0,"href":"https:\/\/zjarr.tv\/en\/wp-json\/wp\/v2\/posts\/274638\/revisions"}],"wp:featuredmedia":[{"embeddable":true,"href":"https:\/\/zjarr.tv\/en\/wp-json\/wp\/v2\/media\/274639"}],"wp:attachment":[{"href":"https:\/\/zjarr.tv\/en\/wp-json\/wp\/v2\/media?parent=274638"}],"wp:term":[{"taxonomy":"category","embeddable":true,"href":"https:\/\/zjarr.tv\/en\/wp-json\/wp\/v2\/categories?post=274638"},{"taxonomy":"post_tag","embeddable":true,"href":"https:\/\/zjarr.tv\/en\/wp-json\/wp\/v2\/tags?post=274638"}],"curies":[{"name":"wp","href":"https:\/\/api.w.org\/{rel}","templated":true}]}}