{"id":274641,"date":"2022-07-29T11:55:41","date_gmt":"2022-07-29T09:55:41","guid":{"rendered":"https:\/\/zjarr.tv\/?p=274641"},"modified":"2022-07-29T11:55:41","modified_gmt":"2022-07-29T09:55:41","slug":"deklarata-e-forte-e-julian-dedes-me-ka-vajtur-mendja-te-behem-kryetar-i-bashkise-se-tiranes","status":"publish","type":"post","link":"https:\/\/zjarr.tv\/en\/deklarata-e-forte-e-julian-dedes-me-ka-vajtur-mendja-te-behem-kryetar-i-bashkise-se-tiranes\/","title":{"rendered":"Deklarata e fort\u00eb e Julian Ded\u00ebs: M\u00eb ka vajtur mendja t\u00eb b\u00ebhem kryetar i Bashkis\u00eb s\u00eb Tiran\u00ebs"},"content":{"rendered":"<p>Julian Deda ka folur mbr\u00ebmjen e sotme n\u00eb nj\u00eb emision televiziv se po mendon t\u00eb b\u00ebhet Kryetar i Bashkis\u00eb s\u00eb Tiran\u00ebs.<\/p>\n<p>Aktori i humorit \u00ebsht\u00eb aktualisht pjes\u00eb e K\u00ebshillit Komb\u00ebtar t\u00eb Partis\u00eb Demokratike dhe prej koh\u00ebsh \u00ebsht\u00eb angazhuar n\u00eb k\u00ebt\u00eb parti.<\/p>\n<p>\u201cKryeminist\u00ebr jo, por kryetar bashkie i Tiran\u00ebs, po m\u00eb ka shkuar mendja!\u201d, tha aktori, pasi u pyet n\u00ebse i ka vajtur mendja t\u00eb ket\u00eb poste t\u00eb larta.\/Lajmi.al<\/p>","protected":false},"excerpt":{"rendered":"<p>Julian Deda ka folur mbr\u00ebmjen e sotme n\u00eb nj\u00eb emision televiziv se po mendon t\u00eb b\u00ebhet Kryetar i Bashkis\u00eb s\u00eb Tiran\u00ebs. Aktori i humorit \u00ebsht\u00eb aktualisht pjes\u00eb e K\u00ebshillit Komb\u00ebtar t\u00eb Partis\u00eb Demokratike dhe prej koh\u00ebsh \u00ebsht\u00eb angazhuar n\u00eb k\u00ebt\u00eb parti. \u201cKryeminist\u00ebr jo, por kryetar bashkie i Tiran\u00ebs, po m\u00eb ka shkuar mendja!\u201d, tha aktori, [&hellip;]<\/p>\n","protected":false},"author":2020,"featured_media":274644,"comment_status":"closed","ping_status":"closed","sticky":false,"template":"","format":"standard","meta":{"footnotes":""},"categories":[241,5380,231],"tags":[],"class_list":{"0":"post-274641","1":"post","2":"type-post","3":"status-publish","4":"format-standard","5":"has-post-thumbnail","7":"category-aktualitet","8":"category-kryesore","9":"category-lajme"},"_links":{"self":[{"href":"https:\/\/zjarr.tv\/en\/wp-json\/wp\/v2\/posts\/274641","targetHints":{"allow":["GET"]}}],"collection":[{"href":"https:\/\/zjarr.tv\/en\/wp-json\/wp\/v2\/posts"}],"about":[{"href":"https:\/\/zjarr.tv\/en\/wp-json\/wp\/v2\/types\/post"}],"author":[{"embeddable":true,"href":"https:\/\/zjarr.tv\/en\/wp-json\/wp\/v2\/users\/2020"}],"replies":[{"embeddable":true,"href":"https:\/\/zjarr.tv\/en\/wp-json\/wp\/v2\/comments?post=274641"}],"version-history":[{"count":0,"href":"https:\/\/zjarr.tv\/en\/wp-json\/wp\/v2\/posts\/274641\/revisions"}],"wp:featuredmedia":[{"embeddable":true,"href":"https:\/\/zjarr.tv\/en\/wp-json\/wp\/v2\/media\/274644"}],"wp:attachment":[{"href":"https:\/\/zjarr.tv\/en\/wp-json\/wp\/v2\/media?parent=274641"}],"wp:term":[{"taxonomy":"category","embeddable":true,"href":"https:\/\/zjarr.tv\/en\/wp-json\/wp\/v2\/categories?post=274641"},{"taxonomy":"post_tag","embeddable":true,"href":"https:\/\/zjarr.tv\/en\/wp-json\/wp\/v2\/tags?post=274641"}],"curies":[{"name":"wp","href":"https:\/\/api.w.org\/{rel}","templated":true}]}}