{"id":274767,"date":"2022-07-29T16:47:06","date_gmt":"2022-07-29T14:47:06","guid":{"rendered":"https:\/\/zjarr.tv\/?p=274767"},"modified":"2022-07-29T16:47:06","modified_gmt":"2022-07-29T14:47:06","slug":"yuri-kim-uron-belinda-ballukun-per-detyren-e-re-diskutuam-rendesine-e-hapave-konkrete-per-te-crrenjosur-korrupsionin","status":"publish","type":"post","link":"https:\/\/zjarr.tv\/en\/yuri-kim-uron-belinda-ballukun-per-detyren-e-re-diskutuam-rendesine-e-hapave-konkrete-per-te-crrenjosur-korrupsionin\/","title":{"rendered":"Yuri Kim uron Belinda Ballukun p\u00ebr detyr\u00ebn e re: Diskutuam r\u00ebnd\u00ebsin\u00eb e hapave konkret\u00eb p\u00ebr t\u00eb \u00e7rr\u00ebnjosur korrupsionin"},"content":{"rendered":"<p>Ambasadorja e SHBA n\u00eb Tiran\u00eb, Yuri Kim, ka uruar sot Belinda Ballukun p\u00ebr detyr\u00ebn e re si z\u00ebvend\u00ebskryeministre. Diplomatja amerikane shkruan se gjat\u00eb takimit me ministren diskutuan p\u00ebr hapoat konkret\u00eb p\u00ebr t\u00eb luftuar korrupsionin dhe p\u00ebr t\u00eb siguruar q\u00eb zyrtar\u00ebt t\u00eb veprojn\u00eb sipas standardeve m\u00eb t\u00eb larta dhe t\u00eb zbatojn\u00eb reform\u00ebn n\u00eb drejt\u00ebsi.<\/p>\n<p><strong>Postimi i plot\u00eb i Yuri Kim:<\/strong><\/p>\n<p>U takova sot me Belinda Balluku p\u00ebr ta uruar p\u00ebr portofolin shtes\u00eb si z\u00ebvend\u00ebskryeministre. Ne presim me padurim forcimin e bashk\u00ebpunimit n\u00eb t\u00eb gjitha frontet, duke p\u00ebrfshir\u00eb p\u00ebrgjigjen ndaj sfidave ndaj siguris\u00eb s\u00eb ushqimit dhe energjis\u00eb n\u00eb shkall\u00eb globale t\u00eb shkaktuar nga lufta e pajustifikuar e Rusis\u00eb kund\u00ebr Ukrain\u00ebs. Ne gjithashtu konfirmuam bashk\u00ebpunim t\u00eb fort\u00eb n\u00eb lidhje me sulmin e fundit kibernetik kund\u00ebr Shqip\u00ebris\u00eb.<\/p>\n<p>Ekspert\u00ebt amerikan\u00eb nga agjenci t\u00eb ndryshme po mb\u00ebshtesin p\u00ebrpjekjet e Shqip\u00ebris\u00eb p\u00ebr t\u00eb kryer nj\u00eb mjek\u00ebsi ligjore t\u00eb plot\u00eb; rritja e siguris\u00eb kibernetike p\u00ebr t\u00eb mbrojtur qeverin\u00eb dhe qytetar\u00ebt; dhe parandaloni p\u00ebrs\u00ebritjen. Theksova r\u00ebnd\u00ebsin\u00eb e hapave m\u00eb konkret\u00eb p\u00ebr t\u00eb \u00e7rr\u00ebnjosur korrupsionin, p\u00ebr t\u2019u siguruar q\u00eb zyrtar\u00ebt t\u00eb veprojn\u00eb sipas standardeve m\u00eb t\u00eb larta dhe t\u00eb zbatojn\u00eb reform\u00ebn n\u00eb drejt\u00ebsi. Biden e ka b\u00ebr\u00eb t\u00eb qart\u00eb, SHBA e sheh korrupsionin si nj\u00eb k\u00ebrc\u00ebnim p\u00ebr sigurin\u00eb komb\u00ebtare dhe ne do t\u00eb nd\u00ebrmarrim veprime n\u00eb p\u00ebrputhje me rrethanat.<\/p>\n<p>Burimi:Postimi i ambasadores n\u00eb Twitter.<\/p>","protected":false},"excerpt":{"rendered":"<p>Ambasadorja e SHBA n\u00eb Tiran\u00eb, Yuri Kim, ka uruar sot Belinda Ballukun p\u00ebr detyr\u00ebn e re si z\u00ebvend\u00ebskryeministre. Diplomatja amerikane shkruan se gjat\u00eb takimit me ministren diskutuan p\u00ebr hapoat konkret\u00eb p\u00ebr t\u00eb luftuar korrupsionin dhe p\u00ebr t\u00eb siguruar q\u00eb zyrtar\u00ebt t\u00eb veprojn\u00eb sipas standardeve m\u00eb t\u00eb larta dhe t\u00eb zbatojn\u00eb reform\u00ebn n\u00eb drejt\u00ebsi. Postimi i [&hellip;]<\/p>\n","protected":false},"author":2037,"featured_media":274768,"comment_status":"closed","ping_status":"closed","sticky":false,"template":"","format":"standard","meta":{"footnotes":""},"categories":[241,364,231],"tags":[],"class_list":{"0":"post-274767","1":"post","2":"type-post","3":"status-publish","4":"format-standard","5":"has-post-thumbnail","7":"category-aktualitet","8":"category-koment-opinion","9":"category-lajme"},"_links":{"self":[{"href":"https:\/\/zjarr.tv\/en\/wp-json\/wp\/v2\/posts\/274767","targetHints":{"allow":["GET"]}}],"collection":[{"href":"https:\/\/zjarr.tv\/en\/wp-json\/wp\/v2\/posts"}],"about":[{"href":"https:\/\/zjarr.tv\/en\/wp-json\/wp\/v2\/types\/post"}],"author":[{"embeddable":true,"href":"https:\/\/zjarr.tv\/en\/wp-json\/wp\/v2\/users\/2037"}],"replies":[{"embeddable":true,"href":"https:\/\/zjarr.tv\/en\/wp-json\/wp\/v2\/comments?post=274767"}],"version-history":[{"count":0,"href":"https:\/\/zjarr.tv\/en\/wp-json\/wp\/v2\/posts\/274767\/revisions"}],"wp:featuredmedia":[{"embeddable":true,"href":"https:\/\/zjarr.tv\/en\/wp-json\/wp\/v2\/media\/274768"}],"wp:attachment":[{"href":"https:\/\/zjarr.tv\/en\/wp-json\/wp\/v2\/media?parent=274767"}],"wp:term":[{"taxonomy":"category","embeddable":true,"href":"https:\/\/zjarr.tv\/en\/wp-json\/wp\/v2\/categories?post=274767"},{"taxonomy":"post_tag","embeddable":true,"href":"https:\/\/zjarr.tv\/en\/wp-json\/wp\/v2\/tags?post=274767"}],"curies":[{"name":"wp","href":"https:\/\/api.w.org\/{rel}","templated":true}]}}