{"id":274782,"date":"2022-07-29T18:57:17","date_gmt":"2022-07-29T16:57:17","guid":{"rendered":"https:\/\/zjarr.tv\/?p=274782"},"modified":"2022-07-29T18:57:17","modified_gmt":"2022-07-29T16:57:17","slug":"nisma-e-qeverise-per-shitjen-e-shtetesise-shqiptare-bie-era-korrupsion-salianji-asnje-vend-i-rendesishem-i-be-se-ka-kete-ligj-personat-e-lidhur-me-terrorizmin","status":"publish","type":"post","link":"https:\/\/zjarr.tv\/en\/nisma-e-qeverise-per-shitjen-e-shtetesise-shqiptare-bie-era-korrupsion-salianji-asnje-vend-i-rendesishem-i-be-se-ka-kete-ligj-personat-e-lidhur-me-terrorizmin\/","title":{"rendered":"\u201cNisma e qeveris\u00eb p\u00ebr shitjen e shtet\u00ebsis\u00eb shqiptare bie era korrupsion\u201d, Salianji: Asnj\u00eb vend i r\u00ebnd\u00ebsish\u00ebm i BE s\u2019e ka k\u00ebt\u00eb ligj! Personat e lidhur me terrorizmin\u2026"},"content":{"rendered":"<p>\u201cNisma e qeveris\u00eb p\u00ebr shitjen e shtet\u00ebsis\u00eb shqiptare bie era korrupsion\u201d, k\u00ebshtu \u00ebsht\u00eb shprehur deputeti demokrat, Ervin Salianji.<\/p>\n<p>Ai gjithashtu ka th\u00ebn\u00eb p\u00ebr ACQJ ka th\u00ebn\u00eb se asnj\u00eb vend i r\u00ebnd\u00ebsish\u00ebm i BE nuk ka v\u00ebn\u00eb n\u00eb zbatim nj\u00eb mekaniz\u00ebm t\u00eb till\u00eb.<\/p>\n<p>\u201cKjo \u00ebsht\u00eb nj\u00eb nism\u00eb q\u00eb bie er\u00eb korrupsioni pavar\u00ebsisht se \u00ebsht\u00eb investuar qeveria p\u00ebr t\u00eb b\u00ebr\u00eb nj\u00eb ligj p\u00ebr t\u00eb b\u00ebr\u00eb korrupsion t\u00eb till\u00eb q\u00eb t\u2019i leht\u00ebsoj\u00eb vetes s\u00eb vet q\u00eb t\u00eb japin shtet\u00ebsi. N\u00eb dijenin\u00eb time asnj\u00eb vend i r\u00ebnd\u00ebsish\u00ebm i BE nuk e ka k\u00ebt\u00eb ligj. Por sido t\u00eb jet\u00eb Shqip\u00ebria nuk ka kapacitete e duhura p\u00ebr t\u00eb grumbulluar informacione edhe n\u00ebse do ishte nj\u00eb nism\u00eb e ndershme. Shqip\u00ebria \u00ebsht\u00eb e nxir\u00eb n\u00eb raportin e DASH p\u00ebr shkak t\u00eb pafuqis\u00eb s\u00eb qeveris\u00eb p\u00ebr luftuar korrupsionin. Siguria komb\u00ebtare po cenohet n\u00eb t\u00eb gjitha nivelet\u201d, tha Salianji.<\/p>\n<p>Ai p\u00ebrmendi skandalin e publikimit t\u00eb t\u00eb dh\u00ebnave t\u00eb qytetar\u00ebve n\u00eb publik, duke u shprehur se Shqip\u00ebria mund t\u00eb kthehet n\u00eb target t\u00eb individ\u00ebve q\u00eb jan\u00eb pjes\u00eb e organizatave terroriste apo grupeve kriminale q\u00eb duan t\u00eb fshihen ose t\u00eb investojn\u00eb parat\u00eb e tyre n\u00eb vendin tone.<\/p>\n<p>\u201cT\u00eb gjitha informacionet e qytetar\u00ebve jan\u00eb nxjerr\u00eb n\u00eb publik. Kjo nism\u00eb i leht\u00ebson mund\u00ebsin\u00eb personave q\u00eb duan t\u2019i fshihen drejt\u00ebsis\u00eb apo duan t\u00eb pastrojn\u00eb parat\u00eb n\u00eb Shqip\u00ebri. Ka pasur raste publike si ai i biznesmenit Indian q\u00eb k\u00ebrkonte t\u00eb merrte n\u00ebnshtet\u00ebsin\u00eb shqiptare. Ajo q\u00eb e b\u00ebn m\u00eb t\u00eb fort\u00eb shqet\u00ebsimin n\u00eb lidhje me k\u00ebt\u00eb ligj \u00ebsht\u00eb se cenon sigurin\u00eb komb\u00ebtare. Cenon dhe kthen Shqip\u00ebrin\u00eb n\u00eb vend burim t\u00eb pastrimit t\u00eb parave. E b\u00ebn nj\u00eb prej ligjeve m\u00eb t\u00eb k\u00ebqija si target i personave q\u00eb jan\u00eb t\u00eb lidhura me terrorizmin dhe grupet kriminale. Grupet shqiptare jan\u00eb anemban\u00eb bot\u00ebs\u201d, ka thene ai.\/balkanweb<\/p>","protected":false},"excerpt":{"rendered":"<p>\u201cNisma e qeveris\u00eb p\u00ebr shitjen e shtet\u00ebsis\u00eb shqiptare bie era korrupsion\u201d, k\u00ebshtu \u00ebsht\u00eb shprehur deputeti demokrat, Ervin Salianji. Ai gjithashtu ka th\u00ebn\u00eb p\u00ebr ACQJ ka th\u00ebn\u00eb se asnj\u00eb vend i r\u00ebnd\u00ebsish\u00ebm i BE nuk ka v\u00ebn\u00eb n\u00eb zbatim nj\u00eb mekaniz\u00ebm t\u00eb till\u00eb. \u201cKjo \u00ebsht\u00eb nj\u00eb nism\u00eb q\u00eb bie er\u00eb korrupsioni pavar\u00ebsisht se \u00ebsht\u00eb investuar qeveria [&hellip;]<\/p>\n","protected":false},"author":2030,"featured_media":274783,"comment_status":"closed","ping_status":"closed","sticky":false,"template":"","format":"standard","meta":{"footnotes":""},"categories":[241,3366,5380,231,1454],"tags":[],"class_list":{"0":"post-274782","1":"post","2":"type-post","3":"status-publish","4":"format-standard","5":"has-post-thumbnail","7":"category-aktualitet","8":"category-koment","9":"category-kryesore","10":"category-lajme","11":"category-politike"},"_links":{"self":[{"href":"https:\/\/zjarr.tv\/en\/wp-json\/wp\/v2\/posts\/274782","targetHints":{"allow":["GET"]}}],"collection":[{"href":"https:\/\/zjarr.tv\/en\/wp-json\/wp\/v2\/posts"}],"about":[{"href":"https:\/\/zjarr.tv\/en\/wp-json\/wp\/v2\/types\/post"}],"author":[{"embeddable":true,"href":"https:\/\/zjarr.tv\/en\/wp-json\/wp\/v2\/users\/2030"}],"replies":[{"embeddable":true,"href":"https:\/\/zjarr.tv\/en\/wp-json\/wp\/v2\/comments?post=274782"}],"version-history":[{"count":0,"href":"https:\/\/zjarr.tv\/en\/wp-json\/wp\/v2\/posts\/274782\/revisions"}],"wp:featuredmedia":[{"embeddable":true,"href":"https:\/\/zjarr.tv\/en\/wp-json\/wp\/v2\/media\/274783"}],"wp:attachment":[{"href":"https:\/\/zjarr.tv\/en\/wp-json\/wp\/v2\/media?parent=274782"}],"wp:term":[{"taxonomy":"category","embeddable":true,"href":"https:\/\/zjarr.tv\/en\/wp-json\/wp\/v2\/categories?post=274782"},{"taxonomy":"post_tag","embeddable":true,"href":"https:\/\/zjarr.tv\/en\/wp-json\/wp\/v2\/tags?post=274782"}],"curies":[{"name":"wp","href":"https:\/\/api.w.org\/{rel}","templated":true}]}}