{"id":274793,"date":"2022-07-29T20:31:18","date_gmt":"2022-07-29T18:31:18","guid":{"rendered":"https:\/\/zjarr.tv\/?p=274793"},"modified":"2022-07-29T20:31:18","modified_gmt":"2022-07-29T18:31:18","slug":"thjesht-provuat-shijen-e-corbes-qe-keni-gatuar-deri-me-sot","status":"publish","type":"post","link":"https:\/\/zjarr.tv\/en\/thjesht-provuat-shijen-e-corbes-qe-keni-gatuar-deri-me-sot\/","title":{"rendered":"Thjesht provuat shijen e \u00e7orb\u00ebs q\u00eb keni gatuar deri m\u00eb sot&#8230;"},"content":{"rendered":"<p>Ku ishte e ve\u00e7anta tek video e ministres Kumbaro? Se mori nj\u00eb qese me mbeturina edhe e hodhi n\u00eb kosh nuk \u00ebsht\u00eb fundi as fillimi i edukat\u00ebs qytetare&#8230; <\/p>\n<p>Po, mir\u00eb e b\u00ebri ministrja madje t\u00eb \u00e7ohen t\u00eb gjith\u00eb k\u00ebta &#8220;ministrat&#8221; edhe t\u00eb na sh\u00ebrbejn\u00eb duke filluar q\u00eb nga k\u00ebto &#8220;sh\u00ebrbimet minimale&#8221;. <\/p>\n<p>Sa paguhet ministrja dhe \u00e7far\u00eb m\u00eb ofron mua? Po sanitari a e mbyll dot muajin me pag\u00ebn q\u00eb i jep &#8220;shteti&#8221; <\/p>\n<p>-P\u00ebrmir\u00ebsoni kushtet dhe rritini pagat e pastruesve te qytetit dhe jo vet\u00ebm sepse ju dje thjesht provuat shijen e \u00e7orb\u00ebs q\u00eb keni gatuar deri m\u00eb sot&#8230;<\/p>","protected":false},"excerpt":{"rendered":"<p>Ku ishte e ve\u00e7anta tek video e ministres Kumbaro? Se mori nj\u00eb qese me mbeturina edhe e hodhi n\u00eb kosh nuk \u00ebsht\u00eb fundi as fillimi i edukat\u00ebs qytetare&#8230; Po, mir\u00eb e b\u00ebri ministrja madje t\u00eb \u00e7ohen t\u00eb gjith\u00eb k\u00ebta &#8220;ministrat&#8221; edhe t\u00eb na sh\u00ebrbejn\u00eb duke filluar q\u00eb nga k\u00ebto &#8220;sh\u00ebrbimet minimale&#8221;. Sa paguhet ministrja dhe [&hellip;]<\/p>\n","protected":false},"author":2031,"featured_media":274794,"comment_status":"closed","ping_status":"closed","sticky":false,"template":"","format":"standard","meta":{"footnotes":""},"categories":[241,231,235],"tags":[],"class_list":{"0":"post-274793","1":"post","2":"type-post","3":"status-publish","4":"format-standard","5":"has-post-thumbnail","7":"category-aktualitet","8":"category-lajme","9":"category-vendi"},"_links":{"self":[{"href":"https:\/\/zjarr.tv\/en\/wp-json\/wp\/v2\/posts\/274793","targetHints":{"allow":["GET"]}}],"collection":[{"href":"https:\/\/zjarr.tv\/en\/wp-json\/wp\/v2\/posts"}],"about":[{"href":"https:\/\/zjarr.tv\/en\/wp-json\/wp\/v2\/types\/post"}],"author":[{"embeddable":true,"href":"https:\/\/zjarr.tv\/en\/wp-json\/wp\/v2\/users\/2031"}],"replies":[{"embeddable":true,"href":"https:\/\/zjarr.tv\/en\/wp-json\/wp\/v2\/comments?post=274793"}],"version-history":[{"count":0,"href":"https:\/\/zjarr.tv\/en\/wp-json\/wp\/v2\/posts\/274793\/revisions"}],"wp:featuredmedia":[{"embeddable":true,"href":"https:\/\/zjarr.tv\/en\/wp-json\/wp\/v2\/media\/274794"}],"wp:attachment":[{"href":"https:\/\/zjarr.tv\/en\/wp-json\/wp\/v2\/media?parent=274793"}],"wp:term":[{"taxonomy":"category","embeddable":true,"href":"https:\/\/zjarr.tv\/en\/wp-json\/wp\/v2\/categories?post=274793"},{"taxonomy":"post_tag","embeddable":true,"href":"https:\/\/zjarr.tv\/en\/wp-json\/wp\/v2\/tags?post=274793"}],"curies":[{"name":"wp","href":"https:\/\/api.w.org\/{rel}","templated":true}]}}