{"id":274837,"date":"2022-07-30T09:35:59","date_gmt":"2022-07-30T07:35:59","guid":{"rendered":"https:\/\/zjarr.tv\/?p=274837"},"modified":"2022-07-30T09:35:59","modified_gmt":"2022-07-30T07:35:59","slug":"ilir-meta-ndan-foton-me-bashkeshorten-dhe-uron-fundjave-te-mbare","status":"publish","type":"post","link":"https:\/\/zjarr.tv\/en\/ilir-meta-ndan-foton-me-bashkeshorten-dhe-uron-fundjave-te-mbare\/","title":{"rendered":"Ilir Meta ndan foton me bashk\u00ebshorten dhe uron fundjav\u00eb t\u00eb mbar\u00eb"},"content":{"rendered":"<p>Politikani Ilir Meta ka ndar\u00eb paraditen e k\u00ebsaj t\u00eb shtune nj\u00eb foto me bashk\u00ebshorten e tij Monika Kryemadhi dhe uron nj\u00eb fundjav\u00eb t\u00eb mbar\u00eb p\u00ebr t\u00eb gjith\u00eb. <\/p>\n<p>\u201cBashk\u00eb me Mon\u00ebn ju urojm\u00eb nj\u00eb fundjav\u00eb t\u00eb mbar\u00eb\u201d, shkruan Meta dhe publikon foton e m\u00ebposhtme ku shfaqet i qeshur krah bashk\u00ebshortes s\u00eb tij, ish-kryetares s\u00eb LSI Monika Kryemadhi.<\/p>","protected":false},"excerpt":{"rendered":"<p>Politikani Ilir Meta ka ndar\u00eb paraditen e k\u00ebsaj t\u00eb shtune nj\u00eb foto me bashk\u00ebshorten e tij Monika Kryemadhi dhe uron nj\u00eb fundjav\u00eb t\u00eb mbar\u00eb p\u00ebr t\u00eb gjith\u00eb. \u201cBashk\u00eb me Mon\u00ebn ju urojm\u00eb nj\u00eb fundjav\u00eb t\u00eb mbar\u00eb\u201d, shkruan Meta dhe publikon foton e m\u00ebposhtme ku shfaqet i qeshur krah bashk\u00ebshortes s\u00eb tij, ish-kryetares s\u00eb LSI Monika [&hellip;]<\/p>\n","protected":false},"author":2031,"featured_media":122041,"comment_status":"closed","ping_status":"closed","sticky":false,"template":"","format":"standard","meta":{"footnotes":""},"categories":[241,231,235],"tags":[],"class_list":{"0":"post-274837","1":"post","2":"type-post","3":"status-publish","4":"format-standard","5":"has-post-thumbnail","7":"category-aktualitet","8":"category-lajme","9":"category-vendi"},"_links":{"self":[{"href":"https:\/\/zjarr.tv\/en\/wp-json\/wp\/v2\/posts\/274837","targetHints":{"allow":["GET"]}}],"collection":[{"href":"https:\/\/zjarr.tv\/en\/wp-json\/wp\/v2\/posts"}],"about":[{"href":"https:\/\/zjarr.tv\/en\/wp-json\/wp\/v2\/types\/post"}],"author":[{"embeddable":true,"href":"https:\/\/zjarr.tv\/en\/wp-json\/wp\/v2\/users\/2031"}],"replies":[{"embeddable":true,"href":"https:\/\/zjarr.tv\/en\/wp-json\/wp\/v2\/comments?post=274837"}],"version-history":[{"count":0,"href":"https:\/\/zjarr.tv\/en\/wp-json\/wp\/v2\/posts\/274837\/revisions"}],"wp:featuredmedia":[{"embeddable":true,"href":"https:\/\/zjarr.tv\/en\/wp-json\/wp\/v2\/media\/122041"}],"wp:attachment":[{"href":"https:\/\/zjarr.tv\/en\/wp-json\/wp\/v2\/media?parent=274837"}],"wp:term":[{"taxonomy":"category","embeddable":true,"href":"https:\/\/zjarr.tv\/en\/wp-json\/wp\/v2\/categories?post=274837"},{"taxonomy":"post_tag","embeddable":true,"href":"https:\/\/zjarr.tv\/en\/wp-json\/wp\/v2\/tags?post=274837"}],"curies":[{"name":"wp","href":"https:\/\/api.w.org\/{rel}","templated":true}]}}