{"id":274847,"date":"2022-07-30T11:14:52","date_gmt":"2022-07-30T09:14:52","guid":{"rendered":"https:\/\/zjarr.tv\/?p=274847"},"modified":"2022-07-30T11:14:52","modified_gmt":"2022-07-30T09:14:52","slug":"integrimi-ne-be-kryenegociatorja-e-re-jep-detyrat-e-para-per-stafin-kerkoj-bashkepunim-shpejtesi-dhe-progres","status":"publish","type":"post","link":"https:\/\/zjarr.tv\/en\/integrimi-ne-be-kryenegociatorja-e-re-jep-detyrat-e-para-per-stafin-kerkoj-bashkepunim-shpejtesi-dhe-progres\/","title":{"rendered":"Integrimi n\u00eb BE\/ Kryenegociatorja e re jep detyrat e para p\u00ebr stafin: K\u00ebrkoj bashk\u00ebpunim, shpejt\u00ebsi dhe progres!"},"content":{"rendered":"<p>Kryenegociatorja e sapoem\u00ebruar, Majlinda Dhuka, \u00ebsht\u00eb shfaqur p\u00ebr her\u00eb t\u00eb par\u00eb p\u00ebrkrah kryeministrit Edi Rama, gjat\u00eb nj\u00eb takimi me grupin e negociator\u00ebve t\u00eb Shqip\u00ebris\u00eb n\u00eb BE. Dhuka e nisi fjal\u00ebn e saj me fal\u00ebnderim ndaj qeveris\u00eb, nd\u00ebrkaq theksoi p\u00ebrgjegj\u00ebsin\u00eb p\u00ebr detyr\u00ebn e re.<\/p>\n<p>\u201cFaleminderit p\u00ebr besimin tuaj dhe t\u00eb qeveris\u00eb shqiptare. \u00cbsht\u00eb me p\u00ebrgjegj\u00ebsi t\u00eb lart\u00eb q\u00eb e nis detyr\u00ebn time sot. T\u00eb dashur koleg\u00eb, k\u00ebrkoj bashk\u00ebpunim, shpejt\u00ebsi, progres, rezultat. Me shumic\u00ebn prej jush kam punuar edhe m\u00eb her\u00ebt. Momenti \u00ebsht\u00eb historik, besimi qe na \u00ebsht\u00eb dh\u00ebn\u00eb \u00ebsht\u00eb i ve\u00e7ante, do t\u2019ju lutesha p\u00ebr bashk\u00ebpunim maksimal\u201d, tha ajo.<\/p>","protected":false},"excerpt":{"rendered":"<p>Kryenegociatorja e sapoem\u00ebruar, Majlinda Dhuka, \u00ebsht\u00eb shfaqur p\u00ebr her\u00eb t\u00eb par\u00eb p\u00ebrkrah kryeministrit Edi Rama, gjat\u00eb nj\u00eb takimi me grupin e negociator\u00ebve t\u00eb Shqip\u00ebris\u00eb n\u00eb BE. Dhuka e nisi fjal\u00ebn e saj me fal\u00ebnderim ndaj qeveris\u00eb, nd\u00ebrkaq theksoi p\u00ebrgjegj\u00ebsin\u00eb p\u00ebr detyr\u00ebn e re. \u201cFaleminderit p\u00ebr besimin tuaj dhe t\u00eb qeveris\u00eb shqiptare. \u00cbsht\u00eb me p\u00ebrgjegj\u00ebsi t\u00eb [&hellip;]<\/p>\n","protected":false},"author":2037,"featured_media":273494,"comment_status":"closed","ping_status":"closed","sticky":false,"template":"","format":"standard","meta":{"footnotes":""},"categories":[241,231,1454],"tags":[],"class_list":{"0":"post-274847","1":"post","2":"type-post","3":"status-publish","4":"format-standard","5":"has-post-thumbnail","7":"category-aktualitet","8":"category-lajme","9":"category-politike"},"_links":{"self":[{"href":"https:\/\/zjarr.tv\/en\/wp-json\/wp\/v2\/posts\/274847","targetHints":{"allow":["GET"]}}],"collection":[{"href":"https:\/\/zjarr.tv\/en\/wp-json\/wp\/v2\/posts"}],"about":[{"href":"https:\/\/zjarr.tv\/en\/wp-json\/wp\/v2\/types\/post"}],"author":[{"embeddable":true,"href":"https:\/\/zjarr.tv\/en\/wp-json\/wp\/v2\/users\/2037"}],"replies":[{"embeddable":true,"href":"https:\/\/zjarr.tv\/en\/wp-json\/wp\/v2\/comments?post=274847"}],"version-history":[{"count":0,"href":"https:\/\/zjarr.tv\/en\/wp-json\/wp\/v2\/posts\/274847\/revisions"}],"wp:featuredmedia":[{"embeddable":true,"href":"https:\/\/zjarr.tv\/en\/wp-json\/wp\/v2\/media\/273494"}],"wp:attachment":[{"href":"https:\/\/zjarr.tv\/en\/wp-json\/wp\/v2\/media?parent=274847"}],"wp:term":[{"taxonomy":"category","embeddable":true,"href":"https:\/\/zjarr.tv\/en\/wp-json\/wp\/v2\/categories?post=274847"},{"taxonomy":"post_tag","embeddable":true,"href":"https:\/\/zjarr.tv\/en\/wp-json\/wp\/v2\/tags?post=274847"}],"curies":[{"name":"wp","href":"https:\/\/api.w.org\/{rel}","templated":true}]}}